{"id":16389,"date":"2020-02-11T16:06:32","date_gmt":"2020-02-11T16:06:32","guid":{"rendered":"http:\/\/www.lapluma.net\/?p=16389"},"modified":"2020-02-11T16:06:32","modified_gmt":"2020-02-11T16:06:32","slug":"economia-ecuatoriana-no-existe-neoliberalismo","status":"publish","type":"post","link":"https:\/\/www.lapluma.net\/fr\/2020\/02\/11\/economia-ecuatoriana-no-existe-neoliberalismo\/","title":{"rendered":"Econom\u00eda ecuatoriana: no existe \u00ab\u00a0neoliberalismo\u00a0\u00bb"},"content":{"rendered":"<p style=\"text-align: justify;\"><span style=\"font-size: 12pt;\"><img loading=\"lazy\" decoding=\"async\" class=\"alignleft\" src=\"http:\/\/www.lapluma.net\/wp-content\/uploads\/2018\/10\/JuanPazYMinoBis.jpg\" width=\"95\" height=\"95\" \/>Entre los analistas econ\u00f3micos hegem\u00f3nicos ha vuelto la persistente idea, ya argumentada en el pasado, seg\u00fan la cual Ecuador no tuvo una econom\u00eda \u201cneoliberal\u201d en las d\u00e9cadas finales del siglo XX, tampoco se aplic\u00f3 el dec\u00e1logo del \u201cConsenso de Washington\u201d (WC) y de las 16 Cartas de Intenci\u00f3n que se suscribieron con el FMI entre 1983 y 2003, apenas se cumplieron dos o tres, y eso, a medias. Hoy, aseguran, tampoco se sigue un camino neoliberal, y en su reciente libro, uno de los economistas pertenecientes a esa elite del establishment, incluso asegura que eso del \u201cneoliberalismo\u201d es un invento de los socialistas. <\/span><\/p>\n<p style=\"text-align: justify;\"><img loading=\"lazy\" decoding=\"async\" class=\" wp-image-16392 aligncenter\" src=\"http:\/\/www.lapluma.net\/wp-content\/uploads\/2020\/02\/globalizacion1-267x300.jpg\" alt=\"\" width=\"369\" height=\"415\" srcset=\"https:\/\/www.lapluma.net\/wp-content\/uploads\/2020\/02\/globalizacion1-267x300.jpg 267w, https:\/\/www.lapluma.net\/wp-content\/uploads\/2020\/02\/globalizacion1.jpg 400w\" sizes=\"auto, (max-width: 369px) 100vw, 369px\" \/><br \/>\n<span style=\"font-size: 12pt;\">Suponiendo que sea as\u00ed, la macroeconom\u00eda ecuatoriana de las d\u00e9cadas descritas, estuvo sujeta a los intereses y consignas (ya que no hay una \u201cteor\u00eda\u201d atr\u00e1s de sus ideas) de la elite compuesta por los grandes grupos empresariales del pa\u00eds, algo que igualmente ha revivido en la actualidad. Bajo esa batuta directiva, la ideolog\u00eda neoliberal, el WC, y los condicionamientos del FMI han servido de argumentos para justificar el\u00a0 <em>modelo empresarial\u00a0<\/em>que se construy\u00f3 y que desde 2017 retom\u00f3 su camino. <\/span><br \/>\n<span style=\"font-size: 12pt;\">\u00a0 <\/span><br \/>\n<span style=\"font-size: 12pt;\">En el trasfondo de semejante \u201cmodelo\u201d, perdura una visi\u00f3n olig\u00e1rquica sobre la econom\u00eda y la sociedad, que est\u00e1 vinculada, estructuralmente, al predominio de una econom\u00eda primario-exportadora y comercial-financiera, que Ecuador no ha podido superar, a pesar de los cortos ciclos en los cuales se ha tratado de modernizar al pa\u00eds desde el Estado, e incluso industrializarlo, pues el \u201ccambio de la matriz productiva\u201d no es, precisamente, una aspiraci\u00f3n de la elite dependiente de la econom\u00eda primaria y especulativa del pa\u00eds.<br \/>\n<\/span><\/p>\n<p style=\"text-align: justify;\"><span style=\"font-size: 12pt;\"><img loading=\"lazy\" decoding=\"async\" class=\" wp-image-16393 aligncenter\" src=\"http:\/\/www.lapluma.net\/wp-content\/uploads\/2020\/02\/modelo-neoliberal.jpg\" alt=\"\" width=\"369\" height=\"236\" \/><\/span><span style=\"font-size: 12pt;\">En esa visi\u00f3n olig\u00e1rquica, hay tres consignas que se repiten desde la d\u00e9cada de los a\u00f1os 20 del pasado siglo: 1. que el Estado no intervenga en la econom\u00eda; 2. que se supriman o disminuyan los impuestos directos y particularmente el de rentas; 3. que se \u201cflexibilicen\u201d las leyes laborales que afectan la \u201ccompetitividad\u201d. Esas consignas tienen que ver con la pr\u00e1ctica usual de las capas dominantes del pa\u00eds hasta antes de la Revoluci\u00f3n Juliana (1925), cuando el Estado era raqu\u00edtico, no exist\u00edan impuestos directos (el de rentas lo crearon los julianos en 1928), tampoco leyes laborales ni derechos sociales (la jornada de 8 horas, introducida en 1916, fue sistem\u00e1ticamente incumplida y los derechos laborales se consagran, por primera vez, en la Constituci\u00f3n de 1929). Eran las caracter\u00edsticas del\u00a0 <em>r\u00e9gimen olig\u00e1rquico<\/em>, de la \u00e9poca de los \u201cgran cacao\u201d y del dominio de la \u201cplutocracia\u201d. Su esp\u00edritu ha perdurado hasta nuestros d\u00edas. <\/span><br \/>\n<span style=\"font-size: 12pt;\">\u00a0 <\/span><br \/>\n<span style=\"font-size: 12pt;\">En un pa\u00eds primario-exportador (el petr\u00f3leo ha sido manejado por el Estado desde 1972, sin que ello haya impedido la participaci\u00f3n privada) y comercial-financiero, no surgi\u00f3 una burgues\u00eda capitalista, emprendedora, que asume el futuro como desaf\u00edo de crecimiento continuo e innovaci\u00f3n constante, como la de los EEUU o de los grandes pa\u00edses industriales europeos, ya que la mentalidad de las elites empresariales del Ecuador continu\u00f3 \u201csubdesarrollada\u201d y simplemente rentista. Visualiza el futuro no como progreso del pa\u00eds, sino como mejoramiento de sus negocios. <\/span><br \/>\n<span style=\"font-size: 12pt;\">\u00a0 <\/span><br \/>\n<span style=\"font-size: 12pt;\">Es preciso comprender que si Ecuador no progres\u00f3 es por carecer de una burgues\u00eda emprendedora, audaz y transformadora. Desde luego, existen l\u00edmites hist\u00f3ricos para la conformaci\u00f3n de ese tipo de empresariado. Y, desde luego, hay varios estudios que lo confirman. Una referencia sobre el tema puede seguirse en el art\u00edculo \u201cEmpresarios u oligarqu\u00edas modernas\u201d, que escrib\u00ed en 2016 ( <a href=\"https:\/\/pazymino.us7.list-manage.com\/track\/click?u=c3e3bed0077c1d7adb5463ee7&amp;id=87743398ca&amp;e=0c39ff35d0\" target=\"_blank\" rel=\"noopener noreferrer\">https:\/\/bit.ly\/2UzszYV<\/a>). <\/span><br \/>\n<span style=\"font-size: 12pt;\">\u00a0 <\/span><br \/>\n<span style=\"font-size: 12pt;\">De otra parte, en una reciente entrevista de la BBC\u00a0( <a href=\"https:\/\/pazymino.us7.list-manage.com\/track\/click?u=c3e3bed0077c1d7adb5463ee7&amp;id=bdacd4f12d&amp;e=0c39ff35d0\" target=\"_blank\" rel=\"noopener noreferrer\">https:\/\/bbc.in\/2S7GRyn<\/a>), Ha-Joon Chang, reconocido economista surcoreano, se\u00f1ala: \u201cDesafortunadamente, Am\u00e9rica Latina ha optado por quedarse solamente con los recursos naturales y eso significa que la regi\u00f3n no va r\u00e1pido, la econom\u00eda est\u00e1 atascada y, aunque en algunos pa\u00edses los gobiernos de centroizquierda han intentado apoyar a la gente, hay bastante desigualdad\u201d; y sostiene que \u00ab\u00a0El fracaso de construir una econom\u00eda m\u00e1s igualitaria e innovadora es lo que est\u00e1 en el coraz\u00f3n de las protestas latinoamericanas\u00a0\u00bb (se sorprende de la que ocurri\u00f3 particularmente en Chile). Culpa, en forma directa, al \u201cmodelo neoliberal\u201d.\u00a0 <\/span><\/p>\n<figure id=\"attachment_16391\" aria-describedby=\"caption-attachment-16391\" style=\"width: 430px\" class=\"wp-caption aligncenter\"><img loading=\"lazy\" decoding=\"async\" class=\"wp-image-16391\" src=\"http:\/\/www.lapluma.net\/wp-content\/uploads\/2020\/02\/110712446_gettyimages-493912217-300x169.jpg\" alt=\"\" width=\"430\" height=\"242\" srcset=\"https:\/\/www.lapluma.net\/wp-content\/uploads\/2020\/02\/110712446_gettyimages-493912217-300x169.jpg 300w, https:\/\/www.lapluma.net\/wp-content\/uploads\/2020\/02\/110712446_gettyimages-493912217.jpg 660w\" sizes=\"auto, (max-width: 430px) 100vw, 430px\" \/><figcaption id=\"caption-attachment-16391\" class=\"wp-caption-text\">Ha-Joon Chang es profesor de la facultad de Econom\u00eda de la Universidad de Cambridge desde 1990.<\/figcaption><\/figure>\n<p style=\"text-align: justify;\"><span style=\"font-size: 12pt;\">Coincide con esa posici\u00f3n el premio Nobel de Econom\u00eda Joseph Stiglitz en otra entrevista de la BBC\u00a0 <strong>(<\/strong> <a href=\"https:\/\/pazymino.us7.list-manage.com\/track\/click?u=c3e3bed0077c1d7adb5463ee7&amp;id=166aa1b5f4&amp;e=0c39ff35d0\" target=\"_blank\" rel=\"noopener noreferrer\">https:\/\/bbc.in\/3bo7l6e<\/a> <strong>)<\/strong>, para quien \u201cDe alg\u00fan modo, la sorpresa fue que el malestar tardara tanto en manifestarse, particularmente en Chile <strong>\u201d.\u00a0<\/strong>En otra entrevista de \u201cEl Espectador\u201d ( <a href=\"https:\/\/pazymino.us7.list-manage.com\/track\/click?u=c3e3bed0077c1d7adb5463ee7&amp;id=c90ab1b327&amp;e=0c39ff35d0\" target=\"_blank\" rel=\"noopener noreferrer\">https:\/\/bit.ly\/39gTHA7<\/a>), Stiglitz se\u00f1ala: <strong>\u201c<\/strong>Lo que estoy argumentando en mi libro \u00a8 <em>Capitalismo Progresista<\/em>\u00a8 es que necesitamos un nuevo contrato social; un nuevo equilibrio entre el mercado, el Estado y la sociedad civil, y una ecolog\u00eda de instituciones m\u00e1s rica, incluidas organizaciones sin \u00e1nimo de lucro, cooperativas\u201d -que es una tesis sustentada desde hace rato por la Cepal-, y a\u00f1ade Stiglitz: \u201cEl problema del neoliberalismo era que argumentaba que el mercado sin restricciones era la soluci\u00f3n y dec\u00eda: no se preocupe por la moral, no se preocupe por la explotaci\u00f3n, s\u00f3lo d\u00e9jelo en manos del mercado; y eso no funcion\u00f3\u201d. <\/span><\/p>\n<figure id=\"attachment_16390\" aria-describedby=\"caption-attachment-16390\" style=\"width: 343px\" class=\"wp-caption aligncenter\"><img loading=\"lazy\" decoding=\"async\" class=\"wp-image-16390\" src=\"http:\/\/www.lapluma.net\/wp-content\/uploads\/2020\/02\/99005983_josephstiglitz2getty-300x169.jpg\" alt=\"\" width=\"343\" height=\"193\" srcset=\"https:\/\/www.lapluma.net\/wp-content\/uploads\/2020\/02\/99005983_josephstiglitz2getty-300x169.jpg 300w, https:\/\/www.lapluma.net\/wp-content\/uploads\/2020\/02\/99005983_josephstiglitz2getty.jpg 660w\" sizes=\"auto, (max-width: 343px) 100vw, 343px\" \/><figcaption id=\"caption-attachment-16390\" class=\"wp-caption-text\">Joseph Stiglitz es uno de los principales economistas cr\u00edticos del manejo de la globalizaci\u00f3n y del libre mercado.<\/figcaption><\/figure>\n<p style=\"text-align: justify;\"><span style=\"font-size: 12pt;\">En Ecuador el tema de la desigualdad est\u00e1 fuera de toda consideraci\u00f3n por parte de la elite sustentadora del modelo empresarial y, sin duda, ahora tambi\u00e9n del gobierno Y con ello solo se reproducen, a nuevos niveles, las mismas desigualdades sociales, con sus explosivas condiciones humanas.\u00a0 <\/span><br \/>\n<span style=\"font-size: 12pt;\">\u00a0 <\/span><br \/>\n<span style=\"font-size: 12pt;\">En su reciente libro\u00a0 <em>Capital e ideolog\u00eda\u00a0<\/em>(2019), el economista Thomas Piketty, sobre un riguroso examen que llega hasta la antig\u00fcedad, concluye que las ideas, la ideolog\u00eda, son las determinantes de la desigualdad. Una tesis particularmente importante para Ecuador, donde es evidente que la elite econ\u00f3micamente dominante, contin\u00faa con las consignas del pasado, a las que puede tildar que ni siquiera son \u201cneoliberales\u201d.<br \/>\n<\/span><\/p>\n<figure id=\"attachment_16395\" aria-describedby=\"caption-attachment-16395\" style=\"width: 300px\" class=\"wp-caption aligncenter\"><img loading=\"lazy\" decoding=\"async\" class=\"wp-image-16395 size-medium\" src=\"http:\/\/www.lapluma.net\/wp-content\/uploads\/2020\/02\/thomas-Piketty-300x169.jpg\" alt=\"\" width=\"300\" height=\"169\" srcset=\"https:\/\/www.lapluma.net\/wp-content\/uploads\/2020\/02\/thomas-Piketty-300x169.jpg 300w, https:\/\/www.lapluma.net\/wp-content\/uploads\/2020\/02\/thomas-Piketty.jpg 640w\" sizes=\"auto, (max-width: 300px) 100vw, 300px\" \/><figcaption id=\"caption-attachment-16395\" class=\"wp-caption-text\">Thomas Piketty<\/figcaption><\/figure>\n<p><strong>Juan J. Paz y Mi\u00f1o Cepeda para La Pluma, 10 de febrero de 2020<\/strong><\/p>\n<p><strong>Editado por\u00a0<a href=\"http:\/\/www.lapluma.net\/nosotros\/editora\/\">Mar\u00eda Piedad Ossaba<\/a><\/strong><\/p>\n<p><strong>Publicado por\u00a0<a href=\"http:\/\/www.historiaypresente.com\/economia-ecuatoriana-no-existe-neoliberalismo\/\">Blog Historia y presente<\/a><\/strong><\/p>\n<p><strong>Visita la red del colectivo\u00a0<a href=\"https:\/\/rutakritica.org\/\">Ruta Kr\u00edtica<\/a>, el\u00a0nuevo blog de difusi\u00f3n del pensamiento y la comunicaci\u00f3n alternativos<\/strong><\/p>\n","protected":false},"excerpt":{"rendered":"<p>Entre los analistas econ&oacute;micos hegem&oacute;nicos ha vuelto la persistente idea, ya argumentada en el pasado, seg&uacute;n la cual Ecuador no tuvo una econom&iacute;a &ldquo;neoliberal&rdquo; en las d&eacute;cadas finales del siglo XX, tampoco se aplic&oacute; el dec&aacute;logo del &ldquo;Consenso de Washington&rdquo; (WC) y de las 16 Cartas de Intenci&oacute;n que se suscribieron con el FMI entre&#8230;<\/p>\n","protected":false},"author":8,"featured_media":16394,"comment_status":"open","ping_status":"open","sticky":false,"template":"","format":"standard","meta":{"_uf_show_specific_survey":0,"_uf_disable_surveys":false,"footnotes":""},"categories":[5],"tags":[3523,7981,7982],"coauthors":[257],"class_list":["post-16389","post","type-post","status-publish","format-standard","has-post-thumbnail","hentry","category-editoriales-y-opiniones","tag-consenso-de-washington","tag-ecuador-economia-neoliberal","tag-ideologia-neoliberal-fmi"],"translation":{"provider":"WPGlobus","version":"2.12.2","language":"fr","enabled_languages":["es","fr"],"languages":{"es":{"title":true,"content":true,"excerpt":false},"fr":{"title":false,"content":false,"excerpt":false}}},"_links":{"self":[{"href":"https:\/\/www.lapluma.net\/fr\/wp-json\/wp\/v2\/posts\/16389","targetHints":{"allow":["GET"]}}],"collection":[{"href":"https:\/\/www.lapluma.net\/fr\/wp-json\/wp\/v2\/posts"}],"about":[{"href":"https:\/\/www.lapluma.net\/fr\/wp-json\/wp\/v2\/types\/post"}],"author":[{"embeddable":true,"href":"https:\/\/www.lapluma.net\/fr\/wp-json\/wp\/v2\/users\/8"}],"replies":[{"embeddable":true,"href":"https:\/\/www.lapluma.net\/fr\/wp-json\/wp\/v2\/comments?post=16389"}],"version-history":[{"count":1,"href":"https:\/\/www.lapluma.net\/fr\/wp-json\/wp\/v2\/posts\/16389\/revisions"}],"predecessor-version":[{"id":16396,"href":"https:\/\/www.lapluma.net\/fr\/wp-json\/wp\/v2\/posts\/16389\/revisions\/16396"}],"wp:featuredmedia":[{"embeddable":true,"href":"https:\/\/www.lapluma.net\/fr\/wp-json\/wp\/v2\/media\/16394"}],"wp:attachment":[{"href":"https:\/\/www.lapluma.net\/fr\/wp-json\/wp\/v2\/media?parent=16389"}],"wp:term":[{"taxonomy":"category","embeddable":true,"href":"https:\/\/www.lapluma.net\/fr\/wp-json\/wp\/v2\/categories?post=16389"},{"taxonomy":"post_tag","embeddable":true,"href":"https:\/\/www.lapluma.net\/fr\/wp-json\/wp\/v2\/tags?post=16389"},{"taxonomy":"author","embeddable":true,"href":"https:\/\/www.lapluma.net\/fr\/wp-json\/wp\/v2\/coauthors?post=16389"}],"curies":[{"name":"wp","href":"https:\/\/api.w.org\/{rel}","templated":true}]}}