{"id":16192,"date":"2020-02-05T14:00:08","date_gmt":"2020-02-05T14:00:08","guid":{"rendered":"http:\/\/www.lapluma.net\/?p=16192"},"modified":"2020-02-05T14:00:08","modified_gmt":"2020-02-05T14:00:08","slug":"especial-a-28-anos-el-por-ahora-aun-retumba-con-fuerza-y-mantiene-al-pueblo-despierto-ante-pretensiones-capitalistas","status":"publish","type":"post","link":"https:\/\/www.lapluma.net\/fr\/2020\/02\/05\/especial-a-28-anos-el-por-ahora-aun-retumba-con-fuerza-y-mantiene-al-pueblo-despierto-ante-pretensiones-capitalistas\/","title":{"rendered":"ESPECIAL |  A 28 a\u00f1os: El \u201cPor ahora\u201d a\u00fan retumba con fuerza y mantiene al pueblo despierto ante pretensiones capitalistas"},"content":{"rendered":"<p style=\"text-align: justify;\"><span style=\"font-size: 12pt;\"><img loading=\"lazy\" decoding=\"async\" class=\"wp-image-16197 alignleft\" src=\"http:\/\/www.lapluma.net\/wp-content\/uploads\/2020\/02\/vtv.jpg\" alt=\"\" width=\"143\" height=\"107\" \/>El\u00a0<strong>pueblo venezolano<\/strong>\u00a0hace 28 a\u00f1os fue testigo de un \u201cpor ahora\u201d, que hizo resurgir la esperanza que comenz\u00f3 a florecer en las entra\u00f1as de los m\u00e1s humildes, frase que sigue m\u00e1s vigente y m\u00e1s fuerte que nunca.<\/span><\/p>\n<p style=\"text-align: justify;\"><span style=\"font-size: 12pt;\">Ante bloqueos y medidas coercitivas, Venezuela conmemora este mi\u00e9rcoles el\u00a0<strong>D\u00eda de la Dignidad Nacional<\/strong>, fecha de la rebeli\u00f3n c\u00edvico-militar que en el a\u00f1o 1992 encabez\u00f3 el l\u00edder de la\u00a0<strong>Revoluci\u00f3n Bolivariana, Hugo Ch\u00e1vez,<\/strong>\u00a0el cual es considerado como el alzamiento de la voz del pueblo contra el neoliberalismo y capitalismo durante el mandato de Carlos Andr\u00e9s P\u00e9rez.<\/span><\/p>\n<p><img loading=\"lazy\" decoding=\"async\" class=\" wp-image-16193 aligncenter\" src=\"http:\/\/www.lapluma.net\/wp-content\/uploads\/2020\/02\/Dia-de-la-Dignidad-300x167.jpg\" alt=\"\" width=\"598\" height=\"333\" srcset=\"https:\/\/www.lapluma.net\/wp-content\/uploads\/2020\/02\/Dia-de-la-Dignidad-300x167.jpg 300w, https:\/\/www.lapluma.net\/wp-content\/uploads\/2020\/02\/Dia-de-la-Dignidad-768x427.jpg 768w, https:\/\/www.lapluma.net\/wp-content\/uploads\/2020\/02\/Dia-de-la-Dignidad.jpg 800w\" sizes=\"auto, (max-width: 598px) 100vw, 598px\" \/><\/p>\n<p style=\"text-align: justify;\"><span style=\"font-size: 12pt;\">El comandante Supremo Hugo Rafael Ch\u00e1vez Fr\u00edas asumi\u00f3 la\u00a0<strong>responsabilidad de la rebeli\u00f3n c\u00edvico-militar<\/strong>, junto a un grupo de 2.056 soldados, y una vez aceptada su derrota temporal, se dirigi\u00f3 al pa\u00eds para manifestar que \u201cpor ahora\u201d los objetivos de liberar al pueblo no hab\u00edan sido alcanzados.<\/span><\/p>\n<p style=\"text-align: justify;\"><span style=\"font-size: 12pt;\">A partir de ese momento hist\u00f3rico, Venezuela resurge distinta, con un pueblo que despert\u00f3 su conciencia ante las carencias que le produjo una democracia representativa que llev\u00f3 a la poblaci\u00f3n a sufrir los peores indicadores sociales del continente.<\/span><\/p>\n<p style=\"text-align: justify;\"><span style=\"font-size: 12pt;\">Con la llamada\u00a0<strong>Operaci\u00f3n Zamora,<\/strong>\u00a0los uniformados identificados como miembros del Movimiento Bolivariano Revolucionario 200 (MBR-200), afianzados bajo el pensamiento de Sim\u00f3n Bol\u00edvar, Sim\u00f3n Rodr\u00edguez y Ezequiel Zamora, llevaron a cabo una rebeli\u00f3n para defender los derechos de todo un pueblo que viv\u00eda en exclusi\u00f3n, desigualdad social, entre otros males.<\/span><\/p>\n<p style=\"text-align: center;\"><iframe loading=\"lazy\" src=\"https:\/\/www.youtube.com\/embed\/CdjFu3_wOnM\" width=\"600\" height=\"336\" allowfullscreen=\"allowfullscreen\" data-mce-fragment=\"1\"><\/iframe><\/p>\n<p style=\"text-align: justify;\"><span style=\"font-size: 12pt;\"><strong>\u00bfQue representa esta fecha para Venezuela?<\/strong><\/span><\/p>\n<p style=\"text-align: justify;\"><span style=\"font-size: 12pt;\">En aquella gesta hist\u00f3rica, varios hitos pueden ser mencionados para considerarla como un\u00a0<strong>Gran Movimiento Militar<\/strong>\u00a0que transform\u00f3 a los venezolanos para siempre:<\/span><\/p>\n<ul>\n<li style=\"text-align: justify;\"><span style=\"font-size: 12pt;\">El 4 de febrero de 1992 representa el chispazo que fortaleci\u00f3 al pueblo y lo enrumb\u00f3 en la lucha por el rescate de la dignidad nacional.<\/span><\/li>\n<li style=\"text-align: justify;\"><span style=\"font-size: 12pt;\">El 4F produjo una conmoci\u00f3n pol\u00edtica nacional que abri\u00f3 la conciencia de los venezolanos y estremeci\u00f3 la democracia representativa basada en el excluyente Pacto de Punto Fijo del bipartidismo pol\u00edtico entre Acci\u00f3n Democr\u00e1tica (AD)-COPEI.<\/span><\/li>\n<li style=\"text-align: justify;\"><span style=\"font-size: 12pt;\">La Rebeli\u00f3n Militar del 4F, es uno de los antecedentes hist\u00f3ricos fundamentales para entender el camino hacia el Socialismo Bolivariano.<\/span><\/li>\n<li style=\"text-align: justify;\"><span style=\"font-size: 12pt;\">El 4F es una de las columnas m\u00e1s fuertes sobre las que se sustenta hoy la Rep\u00fablica, el cual dio paso a la unidad c\u00edvico-militar.<\/span><\/li>\n<li style=\"text-align: justify;\"><span style=\"font-size: 12pt;\">La fuerza de la rebeli\u00f3n militar del a\u00f1o 92 reivindic\u00f3 a la Fuerza Armada y m\u00e1s nunca fue utilizada para masacrar al pueblo, tal como lo fue en el siglo pasado por parte de la oligarqu\u00eda criolla y c\u00fapulas de las \u00e9lites dominantes.<\/span><\/li>\n<\/ul>\n<p style=\"text-align: center;\"><iframe loading=\"lazy\" src=\"https:\/\/www.youtube.com\/embed\/gwZznwTfSGU\" width=\"560\" height=\"315\" frameborder=\"0\" allowfullscreen=\"allowfullscreen\" data-mce-fragment=\"1\"><\/iframe><\/p>\n<p style=\"text-align: justify;\"><span style=\"font-size: 12pt;\">En el a\u00f1o 2000, el l\u00edder Bolivariano expres\u00f3 que los sacrificios de aquel d\u00eda valieron la pena.<\/span><\/p>\n<p style=\"text-align: justify;\"><span style=\"font-size: 12pt;\">\u201cClaro que vali\u00f3 la pena, tomar un fusil y salir a la medianoche a buscar un camino. No hab\u00eda otra alternativa, no ten\u00edamos otra salida. Vean los resultados, pregunt\u00e9monos todos, esa pregunta que es muy popular: \u00bfqu\u00e9 pasar\u00eda en Venezuela hoy si no hubiese ocurrido el cuatro de febrero de 1992? Yo tengo una hip\u00f3tesis, yo tengo una creencia: si no hubiese ocurrido la rebeli\u00f3n militar, popular, apoyada por el pueblo del cuatro de febrero, yo creo que aqu\u00ed Venezuela hubiese entrado en una guerra civil hace varios a\u00f1os, porque no hay mal que dure 100 a\u00f1os ni pueblo que lo resista. Gracias a Dios ocurri\u00f3 el cuatro de febrero y evit\u00f3 tragedias mucho mayores a nuestro pueblo\u201d, asegur\u00f3 Ch\u00e1vez.<mark><br \/>\n<\/mark><\/span><\/p>\n<p style=\"text-align: justify;\"><span style=\"font-size: 12pt;\">28 a\u00f1os despu\u00e9s y pese a miles de intentos de\u00a0<strong>desestabilizaci\u00f3n y sabotaje<\/strong>, se sigue construyendo la Patria iniciada en aquellos d\u00edas. En Venezuela son muchos los que opinan que los militares se han hecho pueblo; un pueblo que no renuncia a la determinaci\u00f3n de ser libre con constancia y patriotismo ante los embates de un imperialismo y que lucha y se mantiene victorioso ante la defensa de un legado que logr\u00f3 visibilizar a los m\u00e1s necesitados.<\/span><\/p>\n<p style=\"text-align: center;\"><iframe loading=\"lazy\" src=\"https:\/\/www.youtube.com\/embed\/0rjnY_QPvuM\" width=\"560\" height=\"315\" frameborder=\"0\" allowfullscreen=\"allowfullscreen\"><\/iframe><\/p>\n<p class=\"title style-scope ytd-video-primary-info-renderer\" style=\"text-align: center;\"><strong>4F 1992, 20 A\u00d1OS DESPU\u00c9S. Documental de \u00c1ngel Palacios. Venezuela, Hugo Ch\u00e1vez<\/strong><\/p>\n<p style=\"text-align: justify;\"><span style=\"font-size: 12pt;\"><strong>El 4F hoy<\/strong><\/span><\/p>\n<p style=\"text-align: justify;\"><span style=\"font-size: 12pt;\">El presidente de la Rep\u00fablica Bolivariana de Venezuela, Nicol\u00e1s Maduro Moros, ha expresado que el 4 de febrero es\u00a0<strong>m\u00e1s futuro que pasado.\u00a0<\/strong>\u201cHoy esta fecha es la demostraci\u00f3n de amor a la Patria la rebeli\u00f3n popular y militar bolivariana est\u00e1 m\u00e1s viva que nunca. El 4F debe ser todos los d\u00edas, de rebeld\u00eda contra la guerra econ\u00f3mica, contra el imperialismo, contra la corrupci\u00f3n y los traidores. Rebeli\u00f3n permanente del pueblo bolivariano. Esa es nuestra raz\u00f3n de ser, esa es nuestra verdad profunda: somos un pueblo en rebeli\u00f3n permanente\u201d, asever\u00f3.<\/span><\/p>\n<figure id=\"attachment_16195\" aria-describedby=\"caption-attachment-16195\" style=\"width: 593px\" class=\"wp-caption aligncenter\"><img loading=\"lazy\" decoding=\"async\" class=\"wp-image-16195\" src=\"http:\/\/www.lapluma.net\/wp-content\/uploads\/2020\/02\/4f-maduro-rebeldes-300x167-1.jpg\" alt=\"la rebeli\u00f3n popular y militar bolivariana est\u00e1 m\u00e1s viva que nunca\" width=\"593\" height=\"330\" \/><figcaption id=\"caption-attachment-16195\" class=\"wp-caption-text\">la rebeli\u00f3n popular y militar bolivariana est\u00e1 m\u00e1s viva que nunca. 4F Rebeli\u00f3n\/Fuerza del pueblo<\/figcaption><\/figure>\n<figure id=\"attachment_16196\" aria-describedby=\"caption-attachment-16196\" style=\"width: 586px\" class=\"wp-caption aligncenter\"><img loading=\"lazy\" decoding=\"async\" class=\"wp-image-16196\" src=\"http:\/\/www.lapluma.net\/wp-content\/uploads\/2020\/02\/marcha-del-4F-11-300x167.jpg\" alt=\"\" width=\"586\" height=\"326\" srcset=\"https:\/\/www.lapluma.net\/wp-content\/uploads\/2020\/02\/marcha-del-4F-11-300x167.jpg 300w, https:\/\/www.lapluma.net\/wp-content\/uploads\/2020\/02\/marcha-del-4F-11-768x427.jpg 768w, https:\/\/www.lapluma.net\/wp-content\/uploads\/2020\/02\/marcha-del-4F-11.jpg 800w\" sizes=\"auto, (max-width: 586px) 100vw, 586px\" \/><figcaption id=\"caption-attachment-16196\" class=\"wp-caption-text\">Marcha 4F<\/figcaption><\/figure>\n<p><strong><span style=\"font-size: 12pt;\">Fuente : <a href=\"tps:\/\/www.vtv.gob.ve\/4f-mas-vigente-nunca-venezuela\/\">Venezolana de Television<\/a> , Caracas, 4 de febrero de 2020<\/span><\/strong><\/p>\n<p><strong><span style=\"font-size: 12pt;\">Editado por <a href=\"http:\/\/www.lapluma.net\/nosotros\/editora\/\">Mar\u00eda Piedad Ossaba<\/a><\/span><\/strong><\/p>\n","protected":false},"excerpt":{"rendered":"<p>\u00ab\u00a0El 4F debe ser todos los d\u00edas, de rebeld\u00eda contra la guerra econ\u00f3mica, contra el imperialismo, contra la corrupci\u00f3n y los traidores. Rebeli\u00f3n permanente del pueblo bolivariano. Esa es nuestra raz\u00f3n de ser, esa es nuestra verdad profunda: somos un pueblo en rebeli\u00f3n permanente\u201d<\/p>\n","protected":false},"author":215,"featured_media":16198,"comment_status":"open","ping_status":"open","sticky":false,"template":"","format":"standard","meta":{"_uf_show_specific_survey":0,"_uf_disable_surveys":false,"footnotes":""},"categories":[217],"tags":[65,7908,2185,3725,7911,7910,7909,7913,575,4944,7914,684,121],"coauthors":[1797],"class_list":["post-16192","post","type-post","status-publish","format-standard","has-post-thumbnail","hentry","category-abya-yala","tag-abya-yala","tag-dia-de-la-dignidad-nacional","tag-guerra-economica","tag-hugo-rafael-chavez-frias","tag-movimiento-bolivariano-revolucionario-200","tag-operacion-zamora","tag-rebelion-civico-militar","tag-rebelion-militar-del-4f","tag-revolucion-bolivariana","tag-socialismo-bolivariano","tag-unidad-civico-militar","tag-usa-venezuela","tag-venezuela"],"translation":{"provider":"WPGlobus","version":"2.12.2","language":"fr","enabled_languages":["es","fr"],"languages":{"es":{"title":true,"content":true,"excerpt":true},"fr":{"title":false,"content":false,"excerpt":false}}},"_links":{"self":[{"href":"https:\/\/www.lapluma.net\/fr\/wp-json\/wp\/v2\/posts\/16192","targetHints":{"allow":["GET"]}}],"collection":[{"href":"https:\/\/www.lapluma.net\/fr\/wp-json\/wp\/v2\/posts"}],"about":[{"href":"https:\/\/www.lapluma.net\/fr\/wp-json\/wp\/v2\/types\/post"}],"author":[{"embeddable":true,"href":"https:\/\/www.lapluma.net\/fr\/wp-json\/wp\/v2\/users\/215"}],"replies":[{"embeddable":true,"href":"https:\/\/www.lapluma.net\/fr\/wp-json\/wp\/v2\/comments?post=16192"}],"version-history":[{"count":4,"href":"https:\/\/www.lapluma.net\/fr\/wp-json\/wp\/v2\/posts\/16192\/revisions"}],"predecessor-version":[{"id":16200,"href":"https:\/\/www.lapluma.net\/fr\/wp-json\/wp\/v2\/posts\/16192\/revisions\/16200"}],"wp:featuredmedia":[{"embeddable":true,"href":"https:\/\/www.lapluma.net\/fr\/wp-json\/wp\/v2\/media\/16198"}],"wp:attachment":[{"href":"https:\/\/www.lapluma.net\/fr\/wp-json\/wp\/v2\/media?parent=16192"}],"wp:term":[{"taxonomy":"category","embeddable":true,"href":"https:\/\/www.lapluma.net\/fr\/wp-json\/wp\/v2\/categories?post=16192"},{"taxonomy":"post_tag","embeddable":true,"href":"https:\/\/www.lapluma.net\/fr\/wp-json\/wp\/v2\/tags?post=16192"},{"taxonomy":"author","embeddable":true,"href":"https:\/\/www.lapluma.net\/fr\/wp-json\/wp\/v2\/coauthors?post=16192"}],"curies":[{"name":"wp","href":"https:\/\/api.w.org\/{rel}","templated":true}]}}