{"id":15984,"date":"2020-01-30T16:47:07","date_gmt":"2020-01-30T16:47:07","guid":{"rendered":"http:\/\/www.lapluma.net\/?p=15984"},"modified":"2020-01-30T16:47:07","modified_gmt":"2020-01-30T16:47:07","slug":"estados-unidos-colombia-y-la-derecha-mundial-aliados-en-el-atropello-de-la-justicia","status":"publish","type":"post","link":"https:\/\/www.lapluma.net\/fr\/2020\/01\/30\/estados-unidos-colombia-y-la-derecha-mundial-aliados-en-el-atropello-de-la-justicia\/","title":{"rendered":"Estados Unidos, Colombia y la derecha mundial aliados en el atropello de la  justicia"},"content":{"rendered":"<div class=\"b-article__lead\">\n<p style=\"text-align: justify;\"><span style=\"font-size: 12pt;\"><img loading=\"lazy\" decoding=\"async\" class=\"alignleft\" src=\"http:\/\/www.lapluma.net\/wp-content\/uploads\/2018\/10\/Sergio-Rodriguez-GelfensteinBis.jpg\" width=\"95\" height=\"98\" \/>En su continuado af\u00e1n de destrucci\u00f3n del derecho internacional y establecimiento de la supremac\u00eda de la fuerza como instrumento de las relaciones entre Estados, las potencias occidentales, en especial EEUU, han ido tomando una serie de medidas que por el influjo de su poder va haciendo carne en el sistema, en particular en los pa\u00edses subordinados.<\/span><\/p>\n<\/div>\n<div class=\"b-article__text\">\n<p style=\"text-align: justify;\"><span style=\"font-size: 12pt;\">As\u00ed, Trump abandon\u00f3 la Unesco, el Consejo de derechos humanos de la ONU, el Acuerdo de Par\u00eds sobre el cambio clim\u00e1tico, el Tratado Comercial Transpac\u00edfico y el Acuerdo Nuclear con Ir\u00e1n. Por supuesto, cada pa\u00eds tiene el derecho soberano de decidir a qu\u00e9 instancia pertenece o no.<\/span><\/p>\n<figure id=\"attachment_15985\" aria-describedby=\"caption-attachment-15985\" style=\"width: 661px\" class=\"wp-caption aligncenter\"><img loading=\"lazy\" decoding=\"async\" class=\"wp-image-15985\" src=\"http:\/\/www.lapluma.net\/wp-content\/uploads\/2020\/01\/duque-y-guaido-300x169.jpg\" alt=\"\" width=\"661\" height=\"373\" srcset=\"https:\/\/www.lapluma.net\/wp-content\/uploads\/2020\/01\/duque-y-guaido-300x169.jpg 300w, https:\/\/www.lapluma.net\/wp-content\/uploads\/2020\/01\/duque-y-guaido.jpg 720w\" sizes=\"auto, (max-width: 661px) 100vw, 661px\" \/><figcaption id=\"caption-attachment-15985\" class=\"wp-caption-text\"><strong>El opositor venezolano, Juan Guaid\u00f3 y el presidente de Colombia Iv\u00e1n Duque<\/strong>. \u00a9 REUTERS \/ Luisa Gonzalez<\/figcaption><\/figure>\n<p style=\"text-align: justify;\"><span style=\"font-size: 12pt;\">Pero cuando ello reviste el inter\u00e9s abierto o subterr\u00e1neo de disipar la institucionalidad que con extremas dificultades ha permitido que no haya habido\u00a0<a href=\"https:\/\/mundo.sputniknews.com\/seguridad\/201909181088716070-hipotetica-guerra-nuclear-entre-eeuu-y-rusia\/\" target=\"_blank\" rel=\"noopener\">guerras nucleares<\/a>, como tampoco conflictos b\u00e9licos de dimensiones planetarias en los \u00faltimos 75 a\u00f1os, tales decisiones entra\u00f1an sumo<\/span> <span style=\"font-size: 12pt;\">riesgo para la humanidad. Cuando, adem\u00e1s, quien atenta contra esta precaria estabilidad es el pa\u00eds m\u00e1s poderoso del mundo, las preocupaciones van en aumento.<\/span><\/p>\n<p style=\"text-align: justify;\"><span style=\"font-size: 12pt;\">En otro plano de esta l\u00f3gica, se manifiesta como una arista distinta aquella que emana de los pa\u00edses subordinados a Estados Unidos, que en su af\u00e1n de \u00ab\u00a0sonre\u00edr mientras son humillados\u00a0\u00bb \u2014como almas serviles\u2014 recurren a pr\u00e1cticas que si no fuera por el impacto negativo que generan en la vida de millones de personas, causar\u00eda espasmos por la dimensi\u00f3n de lo absurdo y lo rid\u00edculo.<\/span><\/p>\n<p style=\"text-align: justify;\"><span style=\"font-size: 12pt;\">En febrero del a\u00f1o pasado, durante una entrevista en la televisi\u00f3n espa\u00f1ola, Josep Borrell, en ese entonces canciller de su pa\u00eds, afirm\u00f3 que ante el env\u00edo de una delegada del\u00a0<a href=\"https:\/\/mundo.sputniknews.com\/america-latina\/201901231084950906-guaido-quiere-ejercer-como-presidente-encargado-de-venezuela\/\" target=\"_blank\" rel=\"noopener\">autoproclamado presidente<\/a>\u00a0de Venezuela, Juan Guaid\u00f3, a Madrid, a quien se le pretend\u00eda dar rango de embajadora, hab\u00eda que actuar de forma \u00ab\u00a0un tanto creativa\u00a0\u00bb, teniendo en cuenta el \u00ab\u00a0derecho internacional, la Convenci\u00f3n de Viena y las relaciones entre Estados\u00a0\u00bb.<\/span><\/p>\n<p style=\"text-align: justify;\"><span style=\"font-size: 12pt;\">De esta manera, quien ahora funge como alto representante de la Uni\u00f3n Europea para Asuntos Exteriores y Pol\u00edtica de Seguridad, ingeniero y economista de profesi\u00f3n, expuso\u00a0<strong>su total ignorancia respecto al derecho<\/strong>, lo cual pareciera ser atributo necesario para desempe\u00f1ar altos cargos en la administraci\u00f3n de ciertos pa\u00edses, toda vez que impulsan el uso de la fuerza como mecanismo de imposici\u00f3n de sus intereses.<\/span><\/p>\n<p style=\"text-align: justify;\"><span style=\"font-size: 12pt;\">El modo que encontr\u00f3 Borrell para hacer pr\u00e1ctica su\u00a0<em>creatividad<\/em>\u00a0fue violar la Convenci\u00f3n de Viena y\u00a0<em>defecarse<\/em>\u00a0en las normas que regulan las relaciones entre Estados. Al respecto inform\u00f3 que:\u00a0<strong>\u00ab\u00a0Vamos a conversar con el representante de Guaid\u00f3, pero no podemos ignorar la realidad sobre el terreno\u00a0\u00bb<\/strong>.<\/span><\/p>\n<p style=\"text-align: justify;\"><span style=\"font-size: 12pt;\">En otras palabras, Borrell quiso decir que hab\u00eda que tener creatividad en la aplicaci\u00f3n del derecho internacional considerando que la \u00ab\u00a0realidad sobre el terreno\u00a0\u00bb da cuenta de que en Caracas hay un jefe de Estado que gobierna desde el palacio presidencial y que tiene el control de las instituciones y de las fuerzas armadas.\u00a0<\/span><\/p>\n<figure id=\"attachment_15986\" aria-describedby=\"caption-attachment-15986\" style=\"width: 668px\" class=\"wp-caption aligncenter\"><img loading=\"lazy\" decoding=\"async\" class=\"wp-image-15986\" src=\"http:\/\/www.lapluma.net\/wp-content\/uploads\/2020\/01\/Josep-Borrell-juan-guaido-300x169.jpg\" alt=\"\" width=\"668\" height=\"376\" srcset=\"https:\/\/www.lapluma.net\/wp-content\/uploads\/2020\/01\/Josep-Borrell-juan-guaido-300x169.jpg 300w, https:\/\/www.lapluma.net\/wp-content\/uploads\/2020\/01\/Josep-Borrell-juan-guaido.jpg 616w\" sizes=\"auto, (max-width: 668px) 100vw, 668px\" \/><figcaption id=\"caption-attachment-15986\" class=\"wp-caption-text\"><strong>Josep Borrell y Juan Guaido Brusela 22,de enero de 2020. (Foto de Aris Oikonomou \/ AFP)<\/strong><\/figcaption><\/figure>\n<p style=\"text-align: justify;\"><span style=\"font-size: 12pt;\">Ante una pregunta de la periodista respecto de a qui\u00e9n recurre el Estado espa\u00f1ol si se le presenta un problema a un ciudadano o una empresa espa\u00f1ola en Venezuela que debe ser resuelta por las autoridades de ese pa\u00eds, el ingeniero aeron\u00e1utico espa\u00f1ol disfrazado de canciller pareciera haberse quedado en el aire al decir con el mayor desparpajo que, en esa situaci\u00f3n, Espa\u00f1a se tiene que\u00a0<strong>dirigir al Gobierno de Nicol\u00e1s Maduro<\/strong>. La periodista no pudo ocultar su estupefacci\u00f3n y le cuestion\u00f3: \u00ab\u00a0ministro, se da cuenta que eso es una incongruencia\u00a0\u00bb. Borrell solo pudo responder que esa era la realidad.<\/span><\/p>\n<p style=\"text-align: justify;\"><span style=\"font-size: 12pt;\">A veces soy invitado en Caracas a algunas recepciones diplom\u00e1ticas en las que me entretengo mirando a embajadores de pa\u00edses que\u00a0<a href=\"https:\/\/mundo.sputniknews.com\/infografia\/201901251084996390-venezuela-presidente-eeuu-reconocimiento-internacional\/\" target=\"_blank\" rel=\"noopener\">no reconocen al Gobierno de Nicol\u00e1s Maduro<\/a>\u00a0buscando a los funcionarios de alto nivel del Ejecutivo para sacarse fotos o pedir entrevistas que les permita justificar sus sueldos, garantizando que a\u00fan tienen l\u00edneas de comunicaci\u00f3n con las autoridades del pa\u00eds.<\/span><\/p>\n<p style=\"text-align: justify;\"><span style=\"font-size: 12pt;\">No dudo que sean personas respetables, algunos incluso diplom\u00e1ticos de carrera que deben sentir verg\u00fcenza de las decisiones de sus jefes que los obligan a estar acreditados ante un Gobierno que no reconocen. Cualquiera que tiene una m\u00ednima sapiencia sobre del derecho internacional sabe que eso es\u00a0<strong>un absurdo y un contrasentido<\/strong>. En los hechos, esto es expresi\u00f3n de la m\u00e1xima creatividad en materia de derecho internacional de la que ha podido hacer gala Josep Borrell.<\/span><\/p>\n<p style=\"text-align: justify;\"><span style=\"font-size: 12pt;\">Pero si alguien supon\u00eda que se hab\u00eda visto todo en esta materia, debe haber quedado at\u00f3nito ante la respuesta del Gobierno colombiano a la captura en Venezuela de la\u00a0<a href=\"https:\/\/mundo.sputniknews.com\/america-latina\/202001281090283259-aida-merlano-la-profuga-que-suma-tension-entre-colombia-y-venezuela\/\" target=\"_blank\" rel=\"noopener\">exsenadora A\u00edda Merlano<\/a>, pr\u00f3fuga de la justicia de su pa\u00eds, quien hab\u00eda sido condenada a\u00a0<strong>15 a\u00f1os de prisi\u00f3n<\/strong>\u00a0por \u00ab\u00a0concierto para delinquir, corrupci\u00f3n al sufragante en calidad de coautora y tenencia ilegal de armas\u00a0\u00bb.<\/span><\/p>\n<p style=\"text-align: justify;\"><span style=\"font-size: 12pt;\">Merlano se escap\u00f3 de forma espectacular al descolgarse por la ventana de un consultorio odontol\u00f3gico ubicado en un tercer piso de una cl\u00ednica en Bogot\u00e1, donde hab\u00eda acudido\u00a0desde la c\u00e1rcel para asistir a una cita.<\/span><\/p>\n<figure id=\"attachment_15988\" aria-describedby=\"caption-attachment-15988\" style=\"width: 604px\" class=\"wp-caption aligncenter\"><img loading=\"lazy\" decoding=\"async\" class=\"wp-image-15988\" src=\"http:\/\/www.lapluma.net\/wp-content\/uploads\/2020\/01\/Maduro-pedido-de-Duque-extradiccion-Aida-Merlano-300x169.jpeg\" alt=\"\" width=\"604\" height=\"340\" srcset=\"https:\/\/www.lapluma.net\/wp-content\/uploads\/2020\/01\/Maduro-pedido-de-Duque-extradiccion-Aida-Merlano-300x169.jpeg 300w, https:\/\/www.lapluma.net\/wp-content\/uploads\/2020\/01\/Maduro-pedido-de-Duque-extradiccion-Aida-Merlano-768x432.jpeg 768w, https:\/\/www.lapluma.net\/wp-content\/uploads\/2020\/01\/Maduro-pedido-de-Duque-extradiccion-Aida-Merlano-870x489.jpeg 870w, https:\/\/www.lapluma.net\/wp-content\/uploads\/2020\/01\/Maduro-pedido-de-Duque-extradiccion-Aida-Merlano-895x503.jpeg 895w, https:\/\/www.lapluma.net\/wp-content\/uploads\/2020\/01\/Maduro-pedido-de-Duque-extradiccion-Aida-Merlano.jpeg 950w\" sizes=\"auto, (max-width: 604px) 100vw, 604px\" \/><figcaption id=\"caption-attachment-15988\" class=\"wp-caption-text\"><a href=\"https:\/\/mundo.sputniknews.com\/opinion\/202001281090283505-colombia-comete-un-fiasco-diplomatico-al-pedir-a-guaido-extradicion-de-excongresista\/\">Colombia comete un \u00ab\u00a0fiasco diplom\u00e1tico\u00a0\u00bb al pedir a Guaid\u00f3 extradici\u00f3n de excongresista<\/a><\/figcaption><\/figure>\n<p style=\"text-align: justify;\"><span style=\"font-size: 12pt;\">A trav\u00e9s de su ministra de Justicia, el Ejecutivo de Iv\u00e1n Duque inform\u00f3 que\u00a0<a href=\"https:\/\/mundo.sputniknews.com\/america-latina\/202001281090280205-colombia-pedira-a-guaido-que-extradite-a-excongresista-profuga-detenida-en-maracaibo\/\" target=\"_blank\" rel=\"noopener\">solicitar\u00edan la extradici\u00f3n<\/a>\u00a0de Merlano al \u00ab\u00a0leg\u00edtimo Gobierno de Venezuela en cabeza de Juan Guaid\u00f3\u00a0\u00bb. El problema es que Guaid\u00f3 en Venezuela no manda a nadie, toda vez que perdi\u00f3 hasta su silla en la presidencia de la Asamblea Nacional despu\u00e9s que la mayor\u00eda de sus seguidores se rebelaran y lo destituyeran.<\/span><\/p>\n<p style=\"text-align: justify;\"><span style=\"font-size: 12pt;\">El analista pol\u00edtico colombiano Vicente Torrijos, identificado por su determinada posici\u00f3n antivenezolana y antichavista, que sin ser lo mismo en general, s\u00ed lo es en el caso de este tambi\u00e9n periodista, y que se caracteriza por defender posiciones de la m\u00e1s extrema derecha de su pa\u00eds, ha catalogado esta acci\u00f3n como\u00a0<strong>un \u00ab\u00a0fiasco diplom\u00e1tico\u00a0\u00bb<\/strong>. Imagino que su apreciaci\u00f3n parte de la consideraci\u00f3n de que las autoridades policiales que detuvieron a Merlano, la Fiscal\u00eda que orden\u00f3 su captura y la c\u00e1rcel donde est\u00e1 detenida est\u00e1n bajo control del Gobierno de Venezuela. De esta manera, como ya nos tiene acostumbrado, es muy probable que Guaid\u00f3 monte otra puesta en escena con el fin de\u00a0<a href=\"https:\/\/mundo.sputniknews.com\/politica\/201901311085133572-dinero-cuentas-venezuela-guaido-gobierno-paralelo\/\" target=\"_blank\" rel=\"noopener\">seguir recibiendo el dinero<\/a>\u00a0que le env\u00edan desde Washington a costa de los contribuyentes estadounidenses.<\/span><\/p>\n<p style=\"text-align: justify;\"><span style=\"font-size: 12pt;\">Este hecho evidencia tres cosas. La primera es el af\u00e1n indetenible de Iv\u00e1n Duque de continuar haciendo el rid\u00edculo ante su pa\u00eds y ante la comunidad internacional, solo para mostrar su lealtad a Estados Unidos. En segundo lugar, su obcecaci\u00f3n respecto del mantenimiento de una total distancia con Venezuela a pesar que incluso los pa\u00edses que est\u00e1n en guerra dejan abierta ciertas l\u00edneas de comunicaci\u00f3n para\u00a0<a href=\"https:\/\/mundo.sputniknews.com\/defensa\/201909041088588729-estamos-frente-a-una-guerra-entre-colombia-y-venezuela\/\" target=\"_blank\" rel=\"noopener\">resolver problemas comunes<\/a>. Colombia y Venezuela las tienen, pero Duque no lo sabe o pretende no saberlo. Maduro ha dicho que en Venezuela hay alrededor de 30 detenidos solicitados por Colombia y no hay a quien entreg\u00e1rselos, es decir, es como si en Colombia no hubiera Gobierno.<\/span><\/p>\n<p><img loading=\"lazy\" decoding=\"async\" class=\" wp-image-15987 aligncenter\" src=\"http:\/\/www.lapluma.net\/wp-content\/uploads\/2020\/01\/trump-USA-Colombia-300x141.jpg\" alt=\"\" width=\"694\" height=\"326\" \/><\/p>\n<p style=\"text-align: justify;\"><span style=\"font-size: 12pt;\">En tercer lugar, la raz\u00f3n de fondo es que Duque pretende ganar tiempo para consultar al Gobierno de Estados Unidos qu\u00e9 debe hacer en este caso. En realidad, su deseo es que Merlano no regrese a Colombia o que el Gobierno de Venezuela la deje en libertad por ausencia de cargos para que desaparezca nuevamente a fin de que no haga p\u00fablico toda la informaci\u00f3n que maneja acerca de las mafias pol\u00edticas vinculadas con\u00a0<strong>el paramilitarismo y el narcotr\u00e1fico<\/strong>\u00a0de la costa Caribe de su pa\u00eds, lo cual involucra al partido Cambio Radical y a su l\u00edder,\u00a0<a href=\"https:\/\/mundo.sputniknews.com\/politica\/201805231078944142-politica-america-latina-elecciones-2018-quien-es-vargas-lleras\/\" target=\"_blank\" rel=\"noopener\">Germ\u00e1n Vargas Lleras<\/a>, quien acaba de hacer un acuerdo con Duque para ser el pr\u00f3ximo candidato presidencial que de continuidad a la gesti\u00f3n del uribismo en Colombia.<\/span><\/p>\n<p style=\"text-align: justify;\"><span style=\"font-size: 12pt;\">Nunca como antes las potenciales declaraciones de un dirigente pueden poner en entredicho en un nivel tan alto a la clase pol\u00edtica de ese pa\u00eds. De hecho, Arturo Char, un senador directamente vinculado a estas mafias de Barranquilla y miembro de la familia Char, (con quien Merlano tiene directa relaci\u00f3n), y due\u00f1a \u2014en contubernio con Vargas Lleras\u2014 del partido Cambio Radical, es el designado para ser el pr\u00f3ximo presidente del Congreso colombiano, es decir, la segunda figura pol\u00edtica m\u00e1s importante del pa\u00eds. Todo esto podr\u00eda venirse abajo si Merlano empieza a comentar pormenores de la delincuencial estructura de poder que sustenta la pol\u00edtica colombiana.<\/span><\/p>\n<p style=\"text-align: justify;\"><span style=\"font-size: 12pt;\">As\u00ed, Duque ha utilizado la delincuencial figura de Guaid\u00f3, \u00edntimamente vinculada con la\u00a0<a href=\"https:\/\/mundo.sputniknews.com\/america-latina\/201909161088700160-quienes-son-los-rastrojos-los-paramilitares-colombianos-amigos-de-juan-guaido\/\" target=\"_blank\" rel=\"noopener\">banda paramilitar Los Rastrojos<\/a>, para burlar el derecho, \u00ab\u00a0salvaguardar\u00a0\u00bb su Gobierno y darle largas a la aplicaci\u00f3n de justicia en su pa\u00eds.<\/span><\/p>\n<p><strong><span style=\"font-size: 12pt;\">Sergio Rodriguez Gelfenstein para La Pluma, 30 de enero de 2020<\/span><\/strong><\/p>\n<\/div>\n","protected":false},"excerpt":{"rendered":"<p>As\u00ed, Duque ha utilizado la delincuencial figura de Guaid\u00f3, \u00edntimamente vinculada con la\u00a0banda paramilitar Los Rastrojos, para burlar el derecho, \u00ab\u00a0salvaguardar\u00a0\u00bb su Gobierno y darle largas a la aplicaci\u00f3n de justicia en su pa\u00eds.<\/p>\n","protected":false},"author":9,"featured_media":6200,"comment_status":"open","ping_status":"open","sticky":false,"template":"","format":"standard","meta":{"_uf_show_specific_survey":0,"_uf_disable_surveys":false,"footnotes":""},"categories":[5],"tags":[7799,7806,7798,7800,7803,7807,7808,7801,7805,39,7809],"coauthors":[266],"class_list":["post-15984","post","type-post","status-publish","format-standard","has-post-thumbnail","hentry","category-editoriales-y-opiniones","tag-atropello-justicia","tag-cambio-radical","tag-derecha-mundial","tag-destruccion-derecho-internacional","tag-extradiccion-adriana-merlano","tag-german-vargas-lleras","tag-gobierno-nicolas-maduro","tag-josep-borrell-juan-guaido","tag-mafias-politicas-costa-carbe","tag-sergio-rodriguez-gelfenstein","tag-violacion-convencion-de-viena"],"translation":{"provider":"WPGlobus","version":"2.12.2","language":"fr","enabled_languages":["es","fr"],"languages":{"es":{"title":true,"content":true,"excerpt":true},"fr":{"title":false,"content":false,"excerpt":false}}},"_links":{"self":[{"href":"https:\/\/www.lapluma.net\/fr\/wp-json\/wp\/v2\/posts\/15984","targetHints":{"allow":["GET"]}}],"collection":[{"href":"https:\/\/www.lapluma.net\/fr\/wp-json\/wp\/v2\/posts"}],"about":[{"href":"https:\/\/www.lapluma.net\/fr\/wp-json\/wp\/v2\/types\/post"}],"author":[{"embeddable":true,"href":"https:\/\/www.lapluma.net\/fr\/wp-json\/wp\/v2\/users\/9"}],"replies":[{"embeddable":true,"href":"https:\/\/www.lapluma.net\/fr\/wp-json\/wp\/v2\/comments?post=15984"}],"version-history":[{"count":3,"href":"https:\/\/www.lapluma.net\/fr\/wp-json\/wp\/v2\/posts\/15984\/revisions"}],"predecessor-version":[{"id":15991,"href":"https:\/\/www.lapluma.net\/fr\/wp-json\/wp\/v2\/posts\/15984\/revisions\/15991"}],"wp:featuredmedia":[{"embeddable":true,"href":"https:\/\/www.lapluma.net\/fr\/wp-json\/wp\/v2\/media\/6200"}],"wp:attachment":[{"href":"https:\/\/www.lapluma.net\/fr\/wp-json\/wp\/v2\/media?parent=15984"}],"wp:term":[{"taxonomy":"category","embeddable":true,"href":"https:\/\/www.lapluma.net\/fr\/wp-json\/wp\/v2\/categories?post=15984"},{"taxonomy":"post_tag","embeddable":true,"href":"https:\/\/www.lapluma.net\/fr\/wp-json\/wp\/v2\/tags?post=15984"},{"taxonomy":"author","embeddable":true,"href":"https:\/\/www.lapluma.net\/fr\/wp-json\/wp\/v2\/coauthors?post=15984"}],"curies":[{"name":"wp","href":"https:\/\/api.w.org\/{rel}","templated":true}]}}