{"id":15943,"date":"2020-01-27T16:47:43","date_gmt":"2020-01-27T16:47:43","guid":{"rendered":"http:\/\/www.lapluma.net\/?p=15943"},"modified":"2025-04-10T09:49:54","modified_gmt":"2025-04-10T09:49:54","slug":"sonemos-un-poco-fatima-karamazov-elegida-primer-ministro-de-un-nuevo-pais-la-republica-de-canaan","status":"publish","type":"post","link":"https:\/\/www.lapluma.net\/fr\/2020\/01\/27\/sonemos-un-poco-fatima-karamazov-elegida-primer-ministro-de-un-nuevo-pais-la-republica-de-canaan\/","title":{"rendered":"Faisons un r\u00eave : Fatima Karamazov \u00e9lue Premier ministre d&rsquo;un nouveau pays, la R\u00e9publique de Canaan"},"content":{"rendered":"<p style=\"text-align: justify;\"><span style=\"font-size: 12pt;\"><img loading=\"lazy\" decoding=\"async\" class=\"alignleft\" src=\"http:\/\/www.lapluma.net\/wp-content\/uploads\/2018\/10\/aut_2Bis.jpg\" width=\"137\" height=\"91\" \/>L&rsquo;article de Gideon Levy que j&rsquo;ai traduit hier (<span class=\"titre_article_section_p\"><a href=\"http:\/\/tlaxcala-int.org\/article.asp?reference=27946\">Une personne, une voix pour Isra\u00ebl-Palestine<\/a>) redonne toute son actualit\u00e9 \u00e0 la fiction ci-dessous, \u00e9crite en 2003.-FG<\/span><\/span><\/p>\n<p><img loading=\"lazy\" decoding=\"async\" class=\"wp-image-15944 alignright\" src=\"http:\/\/www.lapluma.net\/wp-content\/uploads\/2020\/01\/gal_962-300x289.jpg\" alt=\"\" width=\"254\" height=\"245\" \/><span style=\"font-size: 12pt;\">\u00c0 ceux qui lui disent : \u00ab Mais vous r\u00eavez ! \u00bb, Sami Aldeeb, le \u00ab\u00a0Palestinien plan\u00e9taire\u00a0\u00bb qui pr\u00e9side l&rsquo;Association pour un seul \u00c9tat d\u00e9mocratique en Palestine\/Isra\u00ebl (ASEDPI) a pris l&rsquo;habitude de r\u00e9pondre : \u00ab Ah! Vous pr\u00e9f\u00e9rez le cauchemar actuel ? \u00bb<\/span><\/p>\n<p style=\"text-align: justify;\"><span style=\"font-size: 12pt;\">Il faut r\u00eaver. Alors, pour vous encourager \u00e0 r\u00eaver, je vous propose cette petite fiction, \u00e9crite le 28 septembre 2003, \u00e0 la veille du 3\u00e8me anniversaire de l&rsquo;Intifada Al Aqsa, mais toujours actuelle, surtout apr\u00e8s le cirque indigne de Gen\u00e8ve. \u00c0 chacune et \u00e0 chacun de d\u00e9velopper selon son imagination cette fiction somme toute r\u00e9aliste.<\/span><\/p>\n<p style=\"text-align: center;\"><span style=\"font-size: 12pt;\"><strong><em>Fatima Karamazov Premi\u00e8re ministre d&rsquo;un nouveau pays<\/em>\u00a0:<br \/>\nla R\u00e9publique de Canaan<\/strong><\/span><\/p>\n<p align=\"justify\"><span style=\"font-size: 12pt;\">J\u00e9rusalem\/ Al Qods, 30 janvier 2030 &#8211; Pour la premi\u00e8re fois dans ce si\u00e8cle et pour la seconde fois dans son histoire, Isra\u00ebl se retrouve avec une Premi\u00e8re ministre femme. Mais plus importante que son sexe est l&rsquo;identit\u00e9 de cette femme jeune &#8211; elle n&rsquo;a que quarante ans &#8211; dont la coalition vient de remporter les \u00e9lections \u00e0 la Knesset. Fatima Karamazov est en effet de p\u00e8re russe non-juif &#8211; il \u00e9tait, en Union sovi\u00e9tique, fonctionnaire du Parti communiste et ath\u00e9e &#8211; et de m\u00e8re palestinienne musulmane. N\u00e9e en 1990 \u00e0 Moscou, elle est arriv\u00e9e \u00e0 l&rsquo;\u00e2ge de 3 ans \u00e0 Umm El Fahm, dont sa m\u00e8re \u00e9tait originaire. Ses parents s&rsquo;\u00e9taient connus en 1987 \u00e0 L\u00e9ningrad, o\u00f9 sa m\u00e8re faisait des \u00e9tudes de m\u00e9decine.<\/span><\/p>\n<p align=\"justify\"><span style=\"font-size: 12pt;\">Fatima Karamazov, dirigeante de l&rsquo;Union slave, le principal parti populaire isra\u00e9lien aujourd&rsquo;hui, avait pris la t\u00eate d&rsquo;une coalition baptis\u00e9e La Nouvelle Alliance, qui regroupe 127 groupes et mouvements juifs et non-juifs, dont 42 palestiniens et 50 mixtes. Son programme \u00e9lectoral, d&rsquo;une simplicit\u00e9 r\u00e9volutionnaire, a s\u00e9duit 32% des \u00e9lecteurs, mettant la NA loin devant les partis traditionnels sionistes, qui ont recueilli des scores allant de 2 \u00e0 15%. Devant l&rsquo;incapacit\u00e9 de cette myriade de partis \u00e0 trouver un accord minimal, c&rsquo;est la Nouvelle alliance qui a \u00e9t\u00e9 investie de la t\u00e2che de constituer le nouveau gouvernement. Son chemin sera sem\u00e9 d&#8217;emb\u00fbches.<\/span><\/p>\n<p align=\"justify\"><span style=\"font-size: 12pt;\">Commentant le r\u00e9sultat des \u00e9lections, le\u00a0<em>Jerusalem Post\u00a0<\/em>a fait une \u00ab\u00a0une\u00a0\u00bb en forme d&rsquo;annonce de d\u00e9c\u00e8s, proclamant en grosses lettres noires \u00ab\u00a0La mort du sionisme\u00a0\u00bb.\u00a0<em>Ha&rsquo;aretz\u00a0<\/em>de son c\u00f4t\u00e9 a fait une \u00ab\u00a0une\u00a0\u00bb multicolore m\u00e9langeant les drapeaux isra\u00e9lien et palestinien et proclamant en h\u00e9breu, en arabe et en anglais : \u00abBienvenue en R\u00e9publique de Canaan ! \u00bb<\/span><\/p>\n<p align=\"justify\"><span style=\"font-size: 12pt;\">Parmi les points les plus controvers\u00e9s du programme de la Nouvelle Alliance, on trouve : le d\u00e9mant\u00e8lement du Mur de 800 km qui s\u00e9pare depuis 25 ans le pays en deux, l&rsquo;adoption d&rsquo;un nouveau nom pour le pays, la proclamation d&rsquo;une Constitution soumise \u00e0 r\u00e9f\u00e9rendum et l&rsquo;octroi de tous les droits civiques aux citoyens de la \u00ab\u00a0zone B\u00a0\u00bb, c&rsquo;est-\u00e0-dire la Cisjordanie, Gaza et J\u00e9rusalem-est, annex\u00e9s entre 2008 et 2010, mais dont les habitants furent priv\u00e9s de la jouissance de la pleine citoyennet\u00e9 isra\u00e9lienne. On se souvient que cette annexion fut \u00e0 l&rsquo;origine de la \u00ab\u00a0Guerre des six mois\u00a0\u00bb de 2011 contre la Syrie et la R\u00e9publique islamique d&rsquo;Iraq, qui fit 50 000 morts du c\u00f4t\u00e9 isra\u00e9lien et 600 000 morts du c\u00f4t\u00e9 syrien et iraqien. Personne ne remporta de victoire militaire dans cette guerre, qui marqua le d\u00e9but du d\u00e9clin isra\u00e9lien.<\/span><\/p>\n<p align=\"justify\"><span style=\"font-size: 12pt;\">La Nouvelle alliance a inscrit dans son programme de gouvernement une r\u00e9duction de 25% du budget militaire, la r\u00e9duction du service militaire de 3 ans \u00e0 1 an et demi, l&rsquo;introduction d&rsquo;un service civil de substitution et l&rsquo;incorporation des Palestiniens dans l&rsquo;arm\u00e9e et dans la police. En outre, la Nouvelle Alliance a promis de permettre aux travailleurs immigr\u00e9s r\u00e9sidant depuis au moins 5 ans dans le pays d&rsquo;obtenir la nationalit\u00e9 isra\u00e9lienne ou une carte de r\u00e9sident de 10 ans. Mais ce qui a aliment\u00e9 le plus les d\u00e9bats de la campagne \u00e9lectorale a \u00e9t\u00e9 le projet qu&rsquo;on pr\u00eate \u00e0 Mme Karamazov de changer le nom du pays et d&rsquo;inscrire ce changement dans le projet de Constitution soumis \u00e0 r\u00e9f\u00e9rendum. Le nouveau nom de l&rsquo;\u00c9tat isra\u00e9lo-palestinien pourrait \u00eatre : R\u00e9publique de Canaan. L&rsquo;arabe deviendrait langue officielle de l&rsquo;\u00c9tat aux c\u00f4t\u00e9s de l&rsquo;h\u00e9breu et le russe, l&rsquo;anglais et le fran\u00e7ais auraient le statut de langues nationales.<\/span><\/p>\n<p align=\"justify\"><span style=\"font-size: 12pt;\">La Nouvelle alliance a remport\u00e9 les \u00e9lections car elle a su r\u00e9aliser une v\u00e9ritable alliance entre les trois composantes principales de l&rsquo;\u00e9lectorat : les immigr\u00e9s slaves et leurs enfants, les Juifs originaires des pays arabes et africains et les \u00ab\u00a0Arabes isra\u00e9liens\u00a0\u00bb. Les artisans de la campagne ont \u00e9t\u00e9 les jeunes n\u00e9s dans les \u00ab\u00a0villages mixtes\u00a0\u00bb cr\u00e9\u00e9s par leurs parents en Isra\u00ebl et en Cisjordanie \u00e0 partir de 2005 et regroupant des Isra\u00e9liens de naissance, des immigr\u00e9s slaves et des Palestiniens. Cette initiative \u00e9tait venue des dirigeants de l&rsquo;Union slave, cr\u00e9\u00e9e en 2002 par des immigrants de l&rsquo;ex-Union sovi\u00e9tique. La population de ces \u00ab\u00a0villages mixtes\u00a0\u00bb se monte actuellement \u00e0 environ 120 000 personnes.<\/span><\/p>\n<p align=\"justify\"><span style=\"font-size: 12pt;\">Cette \u00ab\u00a0nouvelle majorit\u00e9\u00a0\u00bb relative est la premi\u00e8re traduction \u00e9lectorale d&rsquo;une r\u00e9alit\u00e9 d\u00e9mographique. Elle deviendra une majorit\u00e9 absolue lorsque les 5 millions d&rsquo;habitants de la \u00ab\u00a0zone B\u00a0\u00bb en \u00e2ge de voter deviendront des \u00e9lecteurs. Pour donner une place aux nouveaux \u00e9lus de la \u00ab\u00a0zone B\u00a0\u00bb, la Nouvelle alliance envisage d&rsquo;augmenter le nombre des si\u00e8ges de la Knesset (Majlis en arabe) de 120 actuellement \u00e0 201.<\/span><\/p>\n<p align=\"justify\"><span style=\"font-size: 12pt;\">Le \u00ab\u00a0Front du refus sioniste\u00a0\u00bb, qui regroupe 17 groupes fondamentalistes, a pr\u00e9venu qu&rsquo;en cas de victoire de Karamazov, il mettrait le pays \u00ab\u00a0\u00e0 feu et \u00e0 sang plut\u00f4t que de le livrer pieds et poings li\u00e9s aux hordes musulmanes et chr\u00e9tiennes\u00a0\u00bb. Karamazov, qui a \u00e9t\u00e9 prot\u00e9g\u00e9e pendant toute la campagne \u00e9lectorale par une centaine de gardes du corps b\u00e9n\u00e9voles, pour moiti\u00e9 russes et pour moiti\u00e9 palestiniens, a aussi promis une amnistie g\u00e9n\u00e9rale pour tous les d\u00e9tenus politiques et militaires, aussi bien palestiniens que juifs dissidents.<\/span><\/p>\n<p align=\"justify\"><span style=\"font-size: 12pt;\">Si le sionisme est mort en ce 30 janvier 2030, tout reste \u00e0 faire pour que le nouveau pays devienne une r\u00e9alit\u00e9 stable et tangible. En attendant, le nouveau gouvernement devrait r\u00e9fl\u00e9ter la composition d\u00e9mographique du pays, avec \u00e0 peu pr\u00e8s autant de ministres juifs que non-juifs. Un chr\u00e9tien palestinien est pressenti comme ministre de la Justice et une descendante d&rsquo;\u00c9thiopiens comme ministre des Sports. Les ministres de l&rsquo;Int\u00e9rieur et de la d\u00e9fense seraient des Juifs d&rsquo;origine marocaine et iraquienne. Le ministre des Affaires \u00e9trang\u00e8res serait le num\u00e9ro 2 de l&rsquo;Union slave, Konstantin F\u00e9dorov, lui aussi n\u00e9 en 1990 de parents \u00e9migr\u00e9s d&rsquo;Union sovi\u00e9tique et totalement d\u00e9juda\u00efs\u00e9s depuis 3 g\u00e9n\u00e9rations. Il a tout au long de la campagne \u00e9lectorale refus\u00e9 de r\u00e9pondre \u00e0 la question : \u00ab \u00cates-vous juif ? \u00bb, d\u00e9clarant : \u00ab C&rsquo;est une affaire priv\u00e9e et non publique. Quand les Isra\u00e9liens comprendront cela, ils pourront enfin constituer une soci\u00e9t\u00e9 humaine normale et banale. \u00bb<\/span><\/p>\n<p align=\"justify\"><span style=\"font-size: 12pt;\">J\u00e9rusalem &#8211; Al Qods, capitale d&rsquo;une nouvelle R\u00e9publique universelle ? Avec l&rsquo;\u00e9lection de Karamazov, ce r\u00eave devient enfin une r\u00e9alit\u00e9. Et la nouvelle Premi\u00e8re ministre a une alli\u00e9e de choix : la pr\u00e9sidente US Marta Emilia Hernandez, dirigeante de la Rainbow Coalition (Coalition de l&rsquo;Arc-en-ciel), actuellement \u00e0 mi-chemin de son deuxi\u00e8me mandat (elle a \u00e9t\u00e9 \u00e9lue en 2024 et r\u00e9lue en 2028) et qui a \u00e9t\u00e9 un mod\u00e8le pour Fatima Karamazov.<\/span><\/p>\n<p align=\"justify\"><span style=\"font-size: 12pt;\">Mme Hernandez a \u00e9t\u00e9 la premi\u00e8re \u00e0 adresser un long t\u00e9l\u00e9gramme chaleureux de f\u00e9licitations \u00e0 Mme Karamazov, dont le premier voyage officiel devrait avoir pour destination Washington. Elle est actuellement en train de mettre au point l&rsquo;agenda d&rsquo;une tourn\u00e9e qui la m\u00e8nera dans les principales capitales de la r\u00e9gion et du monde pour faire entendre la voix du \u00ab\u00a0nouveau pays\u00a0\u00bb.<\/span><\/p>\n<p align=\"justify\"><strong><span style=\"font-size: 12pt;\"><span class=\"auteur\">Fausto Giudice \u0424\u0430\u0443\u0441\u0442\u043e \u0414\u0436\u0443\u0434\u0438\u0447\u0435 \u0641\u0627\u0648\u0633\u062a\u0648 \u062c\u064a\u0648\u062f\u064a\u0634\u064a<\/span><\/span><\/strong><\/p>\n<p align=\"justify\"><strong><span style=\"font-size: 12pt;\">Traductions disponibles:\u00a0<a href=\"http:\/\/www.tlaxcala-int.org\/article.asp?reference=1727\">English<\/a>\u00a0\u00a0<a href=\"http:\/\/www.lapluma.net\/2020\/01\/27\/sonemos-un-poco-fatima-karamazov-elegida-primer-ministro-de-un-nuevo-pais-la-republica-de-canaan\/\">Espa\u00f1ol\u00a0<\/a><\/span><\/strong><\/p>\n<p align=\"justify\"><strong><span style=\"font-size: 12pt;\">Source: <a href=\"http:\/\/www.tlaxcala-int.org\/article.asp?reference=1726\">Tlaxcala<\/a>, le 27 janvier 2020<\/span><\/strong><\/p>\n","protected":false},"excerpt":{"rendered":"<p>J\u00e9rusalem &#8211; Al Qods, capitale d&rsquo;une nouvelle R\u00e9publique universelle ? Avec l&rsquo;\u00e9lection de Karamazov, ce r\u00eave devient enfin une r\u00e9alit\u00e9. <\/p>\n","protected":false},"author":84,"featured_media":15944,"comment_status":"open","ping_status":"open","sticky":false,"template":"","format":"standard","meta":{"_uf_show_specific_survey":0,"_uf_disable_surveys":false,"footnotes":""},"categories":[218],"tags":[7782,736,7784,7783,118,116],"coauthors":[732],"class_list":["post-15943","post","type-post","status-publish","format-standard","has-post-thumbnail","hentry","category-monde","tag-canaan","tag-fausto-giudice","tag-oriente-medio","tag-oriente-proximo","tag-palestina","tag-sionismo"],"translation":{"provider":"WPGlobus","version":"2.12.2","language":"fr","enabled_languages":["es","fr"],"languages":{"es":{"title":true,"content":true,"excerpt":true},"fr":{"title":true,"content":true,"excerpt":true}}},"_links":{"self":[{"href":"https:\/\/www.lapluma.net\/fr\/wp-json\/wp\/v2\/posts\/15943","targetHints":{"allow":["GET"]}}],"collection":[{"href":"https:\/\/www.lapluma.net\/fr\/wp-json\/wp\/v2\/posts"}],"about":[{"href":"https:\/\/www.lapluma.net\/fr\/wp-json\/wp\/v2\/types\/post"}],"author":[{"embeddable":true,"href":"https:\/\/www.lapluma.net\/fr\/wp-json\/wp\/v2\/users\/84"}],"replies":[{"embeddable":true,"href":"https:\/\/www.lapluma.net\/fr\/wp-json\/wp\/v2\/comments?post=15943"}],"version-history":[{"count":6,"href":"https:\/\/www.lapluma.net\/fr\/wp-json\/wp\/v2\/posts\/15943\/revisions"}],"predecessor-version":[{"id":77702,"href":"https:\/\/www.lapluma.net\/fr\/wp-json\/wp\/v2\/posts\/15943\/revisions\/77702"}],"wp:featuredmedia":[{"embeddable":true,"href":"https:\/\/www.lapluma.net\/fr\/wp-json\/wp\/v2\/media\/15944"}],"wp:attachment":[{"href":"https:\/\/www.lapluma.net\/fr\/wp-json\/wp\/v2\/media?parent=15943"}],"wp:term":[{"taxonomy":"category","embeddable":true,"href":"https:\/\/www.lapluma.net\/fr\/wp-json\/wp\/v2\/categories?post=15943"},{"taxonomy":"post_tag","embeddable":true,"href":"https:\/\/www.lapluma.net\/fr\/wp-json\/wp\/v2\/tags?post=15943"},{"taxonomy":"author","embeddable":true,"href":"https:\/\/www.lapluma.net\/fr\/wp-json\/wp\/v2\/coauthors?post=15943"}],"curies":[{"name":"wp","href":"https:\/\/api.w.org\/{rel}","templated":true}]}}