{"id":15671,"date":"2020-01-14T20:39:30","date_gmt":"2020-01-14T20:39:30","guid":{"rendered":"http:\/\/www.lapluma.net\/?p=15671"},"modified":"2020-01-14T20:39:30","modified_gmt":"2020-01-14T20:39:30","slug":"primero-la-mataron-a-ella","status":"publish","type":"post","link":"https:\/\/www.lapluma.net\/fr\/2020\/01\/14\/primero-la-mataron-a-ella\/","title":{"rendered":"Primero la mataron a ella\u2026"},"content":{"rendered":"<p style=\"text-align: justify;\"><span style=\"font-size: 12pt;\"><img loading=\"lazy\" decoding=\"async\" class=\"wp-image-1162 alignleft\" src=\"http:\/\/www.lapluma.net\/wp-content\/uploads\/2018\/10\/reinaldo-spitalettaBis.jpg\" alt=\"\" width=\"84\" height=\"101\" \/>Por mucho tiempo, el poema, que circulaba de boca en boca y de mano en mano, se le atribuy\u00f3 a Bertolt Brecht. Es, como se supo despu\u00e9s, de un pastor luterano alem\u00e1n, Martin Niem\u00f6ller (1892-1984), que, ante la pasividad y cobard\u00eda de algunos intelectuales frente al ascenso de despotismo nazi, lo escribi\u00f3 para sacudir conciencias. Tuvo varias versiones. Su t\u00edtulo es <em>Primero vinieron<\/em>\u2026 Y su vigencia contin\u00faa, m\u00e1s que todo en circunstancias, como la de Colombia, donde cada d\u00eda asesinan a l\u00edderes sociales y, como se ha visto en los \u00faltimos a\u00f1os, a quienes intentan recuperar las tierras que les fueron esquilmadas por el terror paramilitar.<\/span><\/p>\n<p><img loading=\"lazy\" decoding=\"async\" class=\" wp-image-15673 aligncenter\" src=\"http:\/\/www.lapluma.net\/wp-content\/uploads\/2020\/01\/C35zWWxXAAEGtSy3-300x149.jpg\" alt=\"\" width=\"557\" height=\"277\" srcset=\"https:\/\/www.lapluma.net\/wp-content\/uploads\/2020\/01\/C35zWWxXAAEGtSy3-300x149.jpg 300w, https:\/\/www.lapluma.net\/wp-content\/uploads\/2020\/01\/C35zWWxXAAEGtSy3.jpg 679w\" sizes=\"auto, (max-width: 557px) 100vw, 557px\" \/><\/p>\n<p style=\"text-align: justify;\"><span style=\"font-size: 12pt;\">\u201cPrimero vinieron por los comunistas y yo no dije nada porque yo no era comunista\u2026\u201d. Una de las t\u00e1cticas de espanto que emplean ciertos sistemas, como ha ocurrido en Colombia, es sembrar la indiferencia. Que no haya conmociones ni dolores por las muertes ajenas. Que se torne natural, como si fuera parte de la normalidad que haya asesinatos de dirigentes populares, de gente que lucha por las reivindicaciones sociales, por la justicia y el progreso para todos. Qu\u00e9 va. Lo mataron porque algo deb\u00eda. Lo sacaron de circulaci\u00f3n por un \u201cl\u00edo de faldas\u201d, como lo dijo un exministro de Defensa.<\/span><\/p>\n<p style=\"text-align: justify;\"><span style=\"font-size: 12pt;\">\u201cLuego vinieron por los sindicalistas, y yo no dije nada, porque yo no era sindicalista\u2026\u201d. Hubo un tiempo en este pa\u00eds de desamparos en los que ser sindicalista era todo un desaf\u00edo al r\u00e9gimen de explotaci\u00f3n y de miserias repartidas entre los trabajadores. Era una confrontaci\u00f3n a modelos patronales que quer\u00edan mantener bajo vigilancia y control a los obreros. Y as\u00ed, en medio de la impunidad, asesinaron decenas de l\u00edderes. Se implant\u00f3 una manera tenebrosa de imponer el miedo y de desestimular las gestas por mejoras salariales y prestacionales, entre otras aspiraciones.<\/span><\/p>\n<p style=\"text-align: justify;\"><span style=\"font-size: 12pt;\">Y en aquellas t\u00e9mporas era com\u00fan que se dijera que el sindicalista era un izquierdista, que era una suerte de \u201cdesagradecido\u201d con el que le daba el sustento y as\u00ed afloraron modos de desprestigiar las lides de los trabajadores. Se naturaliz\u00f3 el crimen de baluartes obreros. Y todo fue pasando. Hasta que, hoy, por factores diversos, entre ellos la desindustrializaci\u00f3n del pa\u00eds, ya quedan muy pocos sindicatos y cada vez son menos los obreros.<\/span><\/p>\n<p style=\"text-align: justify;\"><span style=\"font-size: 12pt;\">\u201cLuego vinieron por los jud\u00edos, y yo no dije nada porque yo no era jud\u00edo\u2026\u201d, sigue el poema del pastor germano, que llamaba a controvertir la indiferencia, que era un canto para no caer en la parsimonia y la indolencia frente al alza en los atropellos. Son distintos los mecanismos para aislar a los que se han cansado de las tropel\u00edas: una, la de instaurar un r\u00e9gimen de persecuciones y terror. Otra, quiz\u00e1 m\u00e1s sutil, la de ir minando con tergiversaciones y macartismo las posiciones contestatarias, los movimientos que impulsan la dignidad y el ejercicio de las libertades p\u00fablicas.<\/span><\/p>\n<p style=\"text-align: justify;\"><span style=\"font-size: 12pt;\">Cada vez con mayor impunidad y como una sistem\u00e1tica acci\u00f3n, que parece corresponder a trazados del paramilitarismo, se dispara contra l\u00edderes y lideresas sociales, contra ambientalistas, contra los que se oponen al <em>fracking<\/em> y a la explotaci\u00f3n de las riquezas naturales del pa\u00eds de manos de trasnacionales. Se paramilitarizan pueblos, como acaeci\u00f3 en la martirizada poblaci\u00f3n de Bojay\u00e1, donde tropas de delincuentes (\u00bfel Clan del golfo? \u00bfAutodefensas gaitanistas?) la ocuparon. Se advirti\u00f3 que hubo benepl\u00e1cito estatal frente a la agresi\u00f3n y las amenazas. Una caracter\u00edstica del actual gobierno es hacerse el de la \u201cvista gorda\u201d frente a situaciones como las de Bojay\u00e1 y frente al creciente crimen de los que abanderan repulsas contra la injusticia.<\/span><\/p>\n<p style=\"text-align: justify;\"><span style=\"font-size: 12pt;\">\u201cLuego vinieron por los cat\u00f3licos y yo no dije nada porque yo era protestante\u2026\u201d. Reducir a cero la solidaridad, a\u00edslar a las v\u00edctimas, hacer creer que las luchas son in\u00fatiles, dar la impresi\u00f3n de que los victimarios tienen la raz\u00f3n, y as\u00ed, con complicidad de medios de comunicaci\u00f3n y la utilizaci\u00f3n de la propaganda, se empodera el reinado del terror y del despotismo. Pasa en Colombia. Sucedi\u00f3 en la Alemania nazi.<\/span><\/p>\n<p><img loading=\"lazy\" decoding=\"async\" class=\" wp-image-15674 aligncenter\" src=\"http:\/\/www.lapluma.net\/wp-content\/uploads\/2020\/01\/gal_215881-300x123.jpg\" alt=\"\" width=\"559\" height=\"229\" srcset=\"https:\/\/www.lapluma.net\/wp-content\/uploads\/2020\/01\/gal_215881-300x123.jpg 300w, https:\/\/www.lapluma.net\/wp-content\/uploads\/2020\/01\/gal_215881.jpg 700w\" sizes=\"auto, (max-width: 559px) 100vw, 559px\" \/><\/p>\n<p style=\"text-align: justify;\"><span style=\"font-size: 12pt;\">Hay una especie de remontada paramilitar ante la complacencia oficial. Asesinan en el Putumayo y la Sierra Nevada de Santa Marta, en la Guajira y el Huila, en el Cauca y Nari\u00f1o, en toda la geograf\u00eda colombiana suenan los disparos contra quienes se atreven a agitar las ense\u00f1as de la justicia social, de las transformaciones en pro del bienestar de las mayor\u00edas. Y no pasa nada. El gobierno se lava las manos. Sin novedad en el frente, dice.<\/span><\/p>\n<p style=\"text-align: justify;\"><span style=\"font-size: 12pt;\">\u201cLuego vinieron por m\u00ed, pero, para entonces, ya no quedaba nadie que dijera nada\u201d. Lo que parece flotar en el mef\u00edtico ambiente de terror, como si fuese una conspiraci\u00f3n, una premeditada barbarie, es hacer creer que las v\u00edctimas se lo buscaron. Que los mataron porque no estaban, propiamente, \u201ccogiendo caf\u00e9\u201d. As\u00ed vamos.<\/span><\/p>\n<p><strong><span style=\"font-size: 12pt;\">Reinaldo Spitaletta para La Pluma, 14 de enero de 2020<\/span><\/strong><\/p>\n<p><strong><span style=\"font-size: 12pt;\">Editado por <a href=\"http:\/\/tlaxcala-int.org\/biographie.asp?ref_aut=2&amp;lg_pp=es\">Fausto Giudice \u0424\u0430\u0443\u0441\u0442\u043e \u0414\u0436\u0443\u0434\u0438\u0447\u0435 \u0641\u0627\u0648\u0633\u062a\u0648 \u062c\u064a\u0648\u062f\u064a\u0634\u064a<\/a><\/span><\/strong><\/p>\n<div style=\"text-align: justify;\"><\/div>\n<div id=\"msdkkjabndbfapipHoverContainer\" class=\"pipHoverScaleup\" style=\"z-index: 20002; display: none; text-align: justify;\"><span style=\"font-size: 12pt;\">a<img decoding=\"async\" id=\"pipHoverIcon\" src=\"data:image\/png;base64,iVBORw0KGgoAAAANSUhEUgAAADAAAAAwCAYAAABXAvmHAAAMznpUWHRSYXcgcHJvZmlsZSB0eXBlIGV4aWYAAHja7Vpblusgrv3XKHoIiJdgODzXujO4w+8tcFJ5V1I5n51UxTa2BWhLWxI2jf\/\/v0n\/wSc6E8kHSTHHaPDx2WdbsJPM\/uwtG79+18cdp3B81U7nExZN7ufKOI7rC9rDzw3ij\/Z63U7SDjnpEHScOAl02rPFznFdOgQ5u9v5OKZ83Ff8xXSO\/zaWCMOH0NtjL1BGD2h0luxwaMev114cRuCyK9h6\/OoZbRHsexfwG1x4rDs6794o77x3oztTjnZ3rQoy8bgg3ujoaOfwWHdLQ5cj4p+er06kymIuPxe6m7OnOceeXfERmop0TOo0lbWHCytU6dZtEV\/Bf8C+rG\/GN2GKDYh1oFnxbcSZLXQ62XPnwpPH2jZuGKK3wwq21jbrVltyYrNtCxSvX55WAE8nl4BVA2oOzfY8Fl795tVf44SeO+NKyxDGuOPuS48a\/\/I9C5pTTZfZpLOuMC6rBohhKHL6i6sACM9Dp2Hpd33pwm7MBbAOCIal5oQJFlO3iBr4x7bcwtnhumA8me0aLP0QABWh74DBsAMCJrILHNmItcIMPSbgUzBy67ytQIBDsJ1pAhvnIsBJVvvGPcLrWhvsbga1LAeJcJWkDgSwvA+wH\/EJNlTgN55CCDFISCGHEl30McQYJSpHFXHiJUgUkSRZSnLJp5BikpRSTiXb7EBhIccslFPOuRR0WiC64O6CK0qptrrqa6ixSk0119JgPs230GKTllpupdvuOty\/xy7UU8+9DB4wpeFHGHHISCOPMmFr000\/w4xTZpp5ljNqB6rXqPENcq9R4wM1Rcyv6+QHNTSLnESw0klQzICY9QzERRGAQVvFzCT23ipyipnJFk4RLFDjoOB0VsSAoB9sw+Qzdj\/IvcSNgv8IN\/sMOVLo\/gVypNAdyN3j9gC1XlZEcQsg9ULVqXETxNb1rKtz+DxinnDIGTmAArEHPdQw4U7SnR5XLzJbdk0PR4OLaOvA+CnWEQEv4lrB39+39NcbZ5E5Yxo6omwlkx5jeilEDLYzHFla4wDVzNEZ07Z+Or8mXE1p62rAEsrMgFD3VTJGdNr5dvuuIDcWDFeo4HijgtGCRi5huQIFaGxYFJRYW5yY8jClO2leQFEdJor40a1PoBFEB5hELQmhohSpJcOKIjIBrg4hcCaZsMxYq0vwmhi0Ax6tzxb77GMdx1g7Qbe2wo8ajL5EX2GfdrKr1bfoTbToDgMJ3BvGX0Ln2WyPDvzZa28dhi9mABYQW0uZs15uYYnGdVvj+Fzb9DlMiKUt9MFcZ5cZQiqj9AjLjj51MJXG7ooYg+japNo8Awe4IOI74ngZFbFcau8MwrFwxxiqiI\/Z+Ii\/1sgPnyx8m0cOKcMQy0x9IgGImV1MMMIaoFqY9GA\/Dayg9wibBowWCneFYZtJKiGpVSqwPufhJGma0opH2mZbc0g4m2h66fqslw5x7w8kKc+EYQxbQ4fpK49Z34afrRiZEgBtda+FoP9BycM67LLO0I1u7VJLtIF90JwVumranuoMreZp5sgO+uvFi6ktTZeAPGXPSEGhe9zqOiw8Y4JJhosYq\/O5zjQQnlv1GSyclLGt19CQW2bIgm7R75jkkPq3ofyE4I\/5Le82oMiuezDyZbsDvAzngcFDpeo0PIuT2WfOa6JpELJdgbl+LY62vO\/F0eXwvhFH97P9mzh6prxPxdFrLN4XR+9A+444et9SXoujTw3vmTj6mx3fi6OXWIAPlGvGcmr4GahgEcBoEymJBGRGYMQWwIuUkFn03mbpEFHD4fLc3GzB1azByrSA9CZFa\/qwSEowtiaItMhwQJM2SyhFGVIDkVZtE6OvrYMkF\/W5NE3qIB8QM34H8iNbh5gufsSZ3Rw1pzli1OiZKv2S0gyjtReOGvhlEZp4DDYFWQrZ6QE4zNPKEDTz2RnCzg9wPThuuAbZo0LS8Ctst3CK4KnNpJq3doQlEgGyl50sgSJBdpIQrgeqCrP7r8dZr3MGlH7dlhnpq3Yy+sJRfW1rTedlOSNAD8ScfdJG5EFD3suY6IMUq9Y6DSyjJS5xmcxMawuGjlQRQsZAorFGYU0ES2PECKMTufpKzUo5ZWkOmmlLMync4EkLUGjFzfCDaB0r63l206N7aJtBm89TqAsr2DZwaQHn9JAe54cbf3WTtqzrtQ1AJZaWGWwbeGQBG\/9r9A\/sVfxCH75dJp2w1wh7gf5n2GNLn2IPZ9nob+wV+QU8Hchf4a6F9jPkVR+PYKQn2L+86f4epH732P+NAdRF\/L9gANo9fM8ApBTwLxiAPiyynjIAnQ3hSwagp4h+yAD0Ewi+YwB6XiF+xgBqR\/ZfMABdYv9HBhgNwKA4RlINxKAZi7iM2IzqgX3W4qUEGyMiNYqvgsuBGGrNMtE6U0Chsx2GpxRZyagqZlhbM8++fW14QS8oTU30q6W4aAtSEszcNQWLgxswKYiWctjR3AqGpA138LOsugMojrycQSbPnY+UqcXjrbS1pLEEnkelBHJIOslZUrS4fSLlGNNaG\/kXY6JD4Ndj2jTyM6ZsUEXnLsEP0yGn343Hl5gDOM4uf+B2eCk9dNPBr8heBcCLD9Nu0w3HcJGWCqs1hqmrFsUOvyz0KPZmX+5TBsrFnNUCpt52fxe9uk35w\/1ehsa0fY3HZuxViVoOY75eu0J9rQ87AMq0yvADcrIh7bZyPLmNc8Memqk57g5mPBJo1zWtHkoWujqwHCSMseEv7ILm3pORTA+P8ld7mciKpyb1SmCTMaOWYmQ9I+tMLtBzbj\/LFPR4taiDWOLSBwhjWhT9ozGUBDLpqSh5LtVeXEMPL\/pgqS3FsiyFnuWEnwYE+iS9exUQ6EVe8FFAoGc54acBgZ7lhJ8GBHqWE34aEG5TvxniIm4VexC3pjuLus\/Evaz05iq6v+z99TbQUTnZCD3KHi\/o6KGNPSIk2g66yUUddC+lXtHSZpc7Srq+j3698ZKUTpR0EBLGd6YkQvMipMulsTC2Db1aud2UpGRoZdPI5qXHtHSQknaySOmKkow5SGlREs0zIYEr7QZ0k5IquIat4Hti0rNynFVyoit2ek1OK5N9Rk50sNOLi94jJ7pipxdFy281C71btPxWs9C7RctvNQt9smzxqmahT5YtXtUs9Mmyxauahd5MXDtwEqh2mbTHSOMQuJkvXOExnCO1XkwINYYQY2+hc7UiznBCmjRg\/XVpbRk3qysbWU0ydO1aF70wRV26ItbJqKLXipoCpStqTXO4nOqxosa\/C6O1EPYPhNFpaN8Ko8t5fiOMbpX2ljABDmBMJK8j87DSxRLXXm1VxxnWAzx9aJrZsNKO63AQXvWHs8djmmfOS3+LGfchg\/4WM+5DBv0lZoxki++pXjo4wcPlF\/\/mMIFNxhalgLNNH4Mna8W6EaybFUTaUUHyDOm8Qns8kfGu4j7o04EBQ\/GIMj5ll7LJGQfwoJAkGun+\/ECGTIYH6rIw8JRkp\/gcPLCzzEDRauqaHQgNqQPCnfO6AL2XnpsWQUfinOJpYXyWY+lZ1kq2puMr\/7G8V7LHsZIN2ljr2HfiaMv7XhxdDu8bcXQ\/27+Jo2fK+1QcPVPep+LoNRbvi6N3oH1HHL1vKa\/F0aeG90wc\/c2O78Wtp1lyeiLDYNekj0JRCZusrtWixOxrctwq3C81w70j5Ib9MEYfvm5\/pwEe4ZSiNOue0dbgVMdN2R4xtASWDiAohNZM6AlENBERGjh4aLKJqSF1i8hTOhIK723z+jBngqT7iIv7zF0RT7dVfJPkpEVkTYLJgoVitwMUXwTxQpzFJG3JDI5ErlSRNiSMuO1a5EWFv19OmYgzQBnaSKOKxBl7RL9QRmkxomDyIZC+J5a4pzxD6XXpBPjIqhID1NVVYZ2HTnzltwkBqOpRD5oPpehCqvC1WH3P+iZAsNZLyKnpiwBmPeLyUxD8NB7F8s+W6l9sKxJGRk2bYDDiA5Imh4iLKqJ3ff9QX0q0UJjLVpneuq7xEchxleYBgV2vKSK7hSqtod5sGswaVfqadwpIzED0qB7Y6Ltj+8m+s\/oChNGIDjMUTf1mtJJQcHjoXHRqqClq9Qj8yIUxHOboWV\/6KlVftUDSAGMsPdr1BPPZ+y40f3Cee3XoVZRt7cItrrb07MSn21eCePo3EvacUC30SqjBJnZ9RyEJXjBgkFJgQGL0BcVmAUYNpZaCshD3gwdqDrBCOEdVEjBLHabRcGMVoHBEqCrrqqMyz3BBh+T0HY25x9H0iWtyi7eQVSlvKWedosiRE7ZvBdJJ4rcC6XaIfxVIz+b8qUD6TYnvCqR3UflNIH0K8zOB9Fe7uRVI3xriSeD\/LPt\/lq1PPTriBf0XmFqkHjGvVvsAAAAGYktHRAD\/AP8A\/6C9p5MAAAAJcEhZcwAADsMAAA7DAcdvqGQAAAAHdElNRQfjBAoPLTdV8j31AAABaElEQVRo3u2ZP26DMBjF7aSCpiW9AFIHNoi4Qa9AVrYcAZEoCDEwewE8homBhTOwtwsz5BYdqiapiErdiVQ0W1sJ3Hxvw8LS+9nfA\/9BjDHEs0aIcwEAAFw6wNX3BsuyJq7rHoZq2Pf96yRJ6vYZM8YQxhghhJBt23eO47wMfdSjKJLCMNx3ADabDZ7P5x+8lE6WZaP1es1OGSiKYspT7ZdlOe2EuKoqgSeA7XYrdELcNM3ZS57n3aRp+ta32cViMSGEdD4srV\/4DwAAAAAAAADA\/1pO\/5UMw5COx6P0w+4MIfSc5\/l7bwBxHL\/+pn9d1w+KojxxW0KiKD5CiAEAAAAAAAAAAPqSaZr3vS7mZFnGUEIXtR8QhPOTRULIgRAySOOt39MM6Lpe8zTys9ms7gCoqrrjCUDTtF0HYLlcsiAIJB7Mh2F4u1qt2FmIKaV7Sul4yOYppeMoir5OquGmHgAAgG9h3kP8Cbu0bHH\/qfIIAAAAAElFTkSuQmCC\" \/><\/span><\/div>\n","protected":false},"excerpt":{"rendered":"<p>Lo que parece flotar en el mef\u00edtico ambiente de terror, como si fuese una conspiraci\u00f3n, una premeditada barbarie, es hacer creer que las v\u00edctimas se lo buscaron. Que los mataron porque no estaban, propiamente, \u201ccogiendo caf\u00e9\u201d. As\u00ed vamos<\/p>\n","protected":false},"author":20,"featured_media":15675,"comment_status":"open","ping_status":"open","sticky":false,"template":"","format":"standard","meta":{"_uf_show_specific_survey":0,"_uf_disable_surveys":false,"footnotes":""},"categories":[217],"tags":[65,450,526,523,519,454],"coauthors":[265],"class_list":["post-15671","post","type-post","status-publish","format-standard","has-post-thumbnail","hentry","category-abya-yala","tag-abya-yala","tag-asesinatos-selectivos","tag-ejecuciones-extrajudiciales","tag-narcoparamilitarismo-de-estado","tag-reinaldo-spitaletta","tag-terrorismo-de-estado"],"translation":{"provider":"WPGlobus","version":"2.12.2","language":"fr","enabled_languages":["es","fr"],"languages":{"es":{"title":true,"content":true,"excerpt":true},"fr":{"title":false,"content":false,"excerpt":false}}},"_links":{"self":[{"href":"https:\/\/www.lapluma.net\/fr\/wp-json\/wp\/v2\/posts\/15671","targetHints":{"allow":["GET"]}}],"collection":[{"href":"https:\/\/www.lapluma.net\/fr\/wp-json\/wp\/v2\/posts"}],"about":[{"href":"https:\/\/www.lapluma.net\/fr\/wp-json\/wp\/v2\/types\/post"}],"author":[{"embeddable":true,"href":"https:\/\/www.lapluma.net\/fr\/wp-json\/wp\/v2\/users\/20"}],"replies":[{"embeddable":true,"href":"https:\/\/www.lapluma.net\/fr\/wp-json\/wp\/v2\/comments?post=15671"}],"version-history":[{"count":1,"href":"https:\/\/www.lapluma.net\/fr\/wp-json\/wp\/v2\/posts\/15671\/revisions"}],"predecessor-version":[{"id":15676,"href":"https:\/\/www.lapluma.net\/fr\/wp-json\/wp\/v2\/posts\/15671\/revisions\/15676"}],"wp:featuredmedia":[{"embeddable":true,"href":"https:\/\/www.lapluma.net\/fr\/wp-json\/wp\/v2\/media\/15675"}],"wp:attachment":[{"href":"https:\/\/www.lapluma.net\/fr\/wp-json\/wp\/v2\/media?parent=15671"}],"wp:term":[{"taxonomy":"category","embeddable":true,"href":"https:\/\/www.lapluma.net\/fr\/wp-json\/wp\/v2\/categories?post=15671"},{"taxonomy":"post_tag","embeddable":true,"href":"https:\/\/www.lapluma.net\/fr\/wp-json\/wp\/v2\/tags?post=15671"},{"taxonomy":"author","embeddable":true,"href":"https:\/\/www.lapluma.net\/fr\/wp-json\/wp\/v2\/coauthors?post=15671"}],"curies":[{"name":"wp","href":"https:\/\/api.w.org\/{rel}","templated":true}]}}