{"id":10664,"date":"2019-07-23T00:54:44","date_gmt":"2019-07-23T00:54:44","guid":{"rendered":"http:\/\/www.lapluma.net\/?p=10664"},"modified":"2019-07-23T00:54:44","modified_gmt":"2019-07-23T00:54:44","slug":"jorge-taiana-macri-trabaja-intensamente-por-la-desintegracion-regional","status":"publish","type":"post","link":"https:\/\/www.lapluma.net\/fr\/2019\/07\/23\/jorge-taiana-macri-trabaja-intensamente-por-la-desintegracion-regional\/","title":{"rendered":"Jorge Taiana: \u00ab Macri trabaja intensamente por la desintegraci\u00f3n regional \u00bb"},"content":{"rendered":"<p style=\"text-align: justify;\"><span style=\"font-size: 12pt;\"><img loading=\"lazy\" decoding=\"async\" class=\" wp-image-1727 alignleft\" src=\"http:\/\/www.lapluma.net\/wp-content\/uploads\/2018\/10\/Hector-BernardoBis.jpg\" alt=\"\" width=\"71\" height=\"89\" \/>A continuaci\u00f3n se reproduce parte de la entrevista realizada al excanciller argentino y actual diputado del Parlasur, Jorge Taiana, publicada de forma completa en el libro <em>Am\u00e9rica latida \u2013 voces de una regi\u00f3n en constante movimiento<\/em>, del periodista y escritor H\u00e9ctor Bernardo. Libro que lleva pr\u00f3logo de Stella Calloni y que ser\u00e1 publicado en julio por la Editorial de la Universidad Nacional de La Plata (Edulp).*<\/span><\/p>\n<figure style=\"width: 446px\" class=\"wp-caption aligncenter\"><img loading=\"lazy\" decoding=\"async\" src=\"https:\/\/www.diariocontexto.com.ar\/wp-content\/uploads\/2019\/07\/jorge-taiana-324x235.jpg\" alt=\"\" width=\"446\" height=\"324\" \/><figcaption class=\"wp-caption-text\">Jorge Taiana<\/figcaption><\/figure>\n<p style=\"text-align: justify;\"><span style=\"font-size: 12pt;\"><strong>&#8211; \u00bfCu\u00e1les son las deudas, los espacios en los que no se pudo avanzar en ese proceso de integraci\u00f3n?<\/strong><\/span><\/p>\n<p style=\"text-align: justify;\"><span style=\"font-size: 12pt;\">&#8211; La crisis del 2008, con sus consecuencias econ\u00f3micas, produjo en los gobiernos de la regi\u00f3n, en las fuerzas pol\u00edticas, en los grupos econ\u00f3micos y en los sectores sindicales y sociales, una retracci\u00f3n de ese impulso integrador. En lugar de ver que ante las dificultades hab\u00eda que avanzar con un paso m\u00e1s r\u00e1pido en la integraci\u00f3n, se tomaron pol\u00edticas defensivas que frenaron el ritmo de la integraci\u00f3n y que nos dejaron a mitad del camino. Eso se ve, por ejemplo, desde el punto de vista econ\u00f3mico en lo que llamar\u00edamos integraci\u00f3n productiva, es decir, formaci\u00f3n de cadenas de valor. Eso en el Mercosur.<\/span><\/p>\n<p style=\"text-align: justify;\"><span style=\"font-size: 12pt;\">En el caso de la Unasur, tampoco se logr\u00f3 avanzar m\u00e1s all\u00e1 de cierto punto. La finalizaci\u00f3n del mandato de Ernesto Samper y las diferencias respecto a c\u00f3mo tratar la crisis institucional en Venezuela, llevaron a una par\u00e1lisis que fue auspiciada por varios pa\u00edses, entre ellos Argentina, y que impidi\u00f3 la renovaci\u00f3n y la elecci\u00f3n de un nuevo secretario general, elecci\u00f3n que ten\u00eda que ser por consenso.<\/span><\/p>\n<p style=\"text-align: justify;\"><span style=\"font-size: 12pt;\">Creo que, b\u00e1sicamente, la crisis nos volvi\u00f3 defensivos y cometimos el error de perder velocidad, de perder entusiasmo con el proceso de integraci\u00f3n y volver a pr\u00e1cticas defensivas. Todo ello fue un error importante. As\u00ed como los problemas de la democracia se solucionan con m\u00e1s y mejor democracia, los problemas de la integraci\u00f3n se soluci\u00f3n con m\u00e1s y mejor integraci\u00f3n.<\/span><\/p>\n<blockquote><p><span style=\"font-size: 12pt;\">\u00abHay que crear en la regi\u00f3n un mercado que sea lo suficientemente fuerte para sostener nuestra producci\u00f3n\u00bb<\/span><\/p><\/blockquote>\n<p style=\"text-align: justify;\"><span style=\"font-size: 12pt;\"><strong>&#8211; \u00bfC\u00f3mo eval\u00faa el giro en la pol\u00edtica exterior argentina desde la llegada de Mauricio Macri al gobierno?<\/strong><\/span><\/p>\n<p style=\"text-align: justify;\"><span style=\"font-size: 12pt;\"><strong>&#8211; <\/strong>Macri trabaja intensamente por la desintegraci\u00f3n regional y tiene una pol\u00edtica de demolici\u00f3n de todos los espacios de integraci\u00f3n. Durante la Presidencia Pro Tempore (PPT) de Argentina en la Unasur, Macri no hizo nada, no convoc\u00f3 a una sola reuni\u00f3n. Cuando se cumpli\u00f3 su per\u00edodo de Presidencia Pro Tempore, y luego de pas\u00e1rsela a Bolivia, a los 10 d\u00edas Macri dijo que la Unasur estaba paralizada y que por eso Argentina abandonaba ese espacio. Estaba paralizada porque el gobierno argentino no hizo nada durante un a\u00f1o, no convoc\u00f3 reuniones, no busc\u00f3 soluciones para el tema de la secretar\u00eda general, no activ\u00f3 el Consejo de Defensa. Hizo todo para desarticular ese espacio. \u00bfPor qu\u00e9? Porque ese es el objetivo de Estados Unidos, que no quiere que exista una fuerza organizada de integraci\u00f3n en la regi\u00f3n y, mucho menos, que esa fuerza tenga que ver con la defensa.<\/span><\/p>\n<p style=\"text-align: justify;\"><span style=\"font-size: 12pt;\">As\u00ed como demoli\u00f3 la Unasur, y como ahora quiere demoler el Centro de Estudios Estrat\u00e9gicos para la Defensa, apartaron a Venezuela del Mercosur, junto con Brasil impidieron el ingreso de Bolivia y desarticularon el FOCEM, que no recibi\u00f3 m\u00e1s fondos desde el final de los gobiernos de Lula da Silva y Dilma Rousseff, en Brasil, y de N\u00e9stor Kirchner y Cristina Fern\u00e1ndez, en Argentina.<\/span><\/p>\n<p style=\"text-align: justify;\"><span style=\"font-size: 12pt;\">Lo mismo pasa con el Parlasur, al cual han ninguneado y ahora directamente quieren que no se convoque a elecciones de parlamentarios.<\/span><\/p>\n<blockquote><p><span style=\"font-size: 12pt;\">\u00abNing\u00fan pa\u00eds tiene posibilidad de realizar un desarrollo sustentable si no est\u00e1 implicado fuertemente en un proceso de integraci\u00f3n regional\u00bb<\/span><\/p><\/blockquote>\n<p style=\"text-align: justify;\"><span style=\"font-size: 12pt;\">Es decir, todo lo que tenga que ver con la integraci\u00f3n va para atr\u00e1s. Macri piensa que lo mejor es ser \u00abel buen vecino en un barrio m\u00e1s o menos\u00bb. El \u00abbarrio\u00bb es Am\u00e9rica Latina y el \u00abbuen vecino\u00bb el que obedece al pie de la letra las pol\u00edticas que le indican desde Estados Unidos.<\/span><\/p>\n<p style=\"text-align: justify;\"><span style=\"font-size: 12pt;\">Hace pocos d\u00edas, uno de los principales socios del Mercosur, Brasil, decidi\u00f3 unilateralmente una compra, sin aranceles, de 750 mil toneladas de trigo a Estados Unidos. La venta de trigo de Argentina a Brasil es una de las claves de la constituci\u00f3n del Mercosur. Esta medida inconsulta de Brasil es una pu\u00f1alada a ese \u00f3rgano de integraci\u00f3n regional y, sin embargo, la reacci\u00f3n del gobierno argentino ha sido nula, silencio total. Eso demuestra que el gobierno de Macri no est\u00e1 dispuesto a defender ni siquiera la producci\u00f3n agropecuaria argentina frente a los intereses de Estados Unidos.<\/span><\/p>\n<p style=\"text-align: justify;\"><span style=\"font-size: 12pt;\"><strong>&#8211; \u00bfEs posible una nueva oleada de gobiernos populares, de izquierda o progresistas en la regi\u00f3n?<br \/>\n<\/strong><\/span><\/p>\n<p style=\"text-align: justify;\"><span style=\"font-size: 12pt;\">&#8211; No solo es posible, es necesaria una nueva oleada de gobiernos que defiendan los intereses nacionales, la producci\u00f3n y el trabajo nacional y que tengan claro que la integraci\u00f3n no es solo una aspiraci\u00f3n de nuestros padres fundadores o del concepto de Patria Grande. La verdad es que en este mundo globalizado la formaci\u00f3n de bloques se da en todas las regiones. Ning\u00fan pa\u00eds tiene posibilidad de realizar un desarrollo sustentable si no est\u00e1 implicado fuertemente en un proceso de integraci\u00f3n regional.<\/span><\/p>\n<p style=\"text-align: justify;\"><span style=\"font-size: 12pt;\">Las posibilidades de recuperar la producci\u00f3n y el trabajo argentino est\u00e1n totalmente ligadas a la recuperaci\u00f3n de una pol\u00edtica activa de integraci\u00f3n regional. El 60% de las exportaciones industriales de Argentina son a los pa\u00edses de la regi\u00f3n<em>.<\/em><\/span><\/p>\n<p><span style=\"font-size: 12pt;\"><strong>&#8211; En ese aspecto, de llegar al gobierno proyectos populares, \u00bfqu\u00e9 deber\u00edan hacer para perdurar?<br \/>\n<\/strong><\/span><\/p>\n<p><span style=\"font-size: 12pt;\">&#8211; Hay que avanzar mucho m\u00e1s en la formaci\u00f3n de cadenas productivas. Tenemos que salir de este car\u00e1cter pasivo de tomador de pol\u00edticas de una globalizaci\u00f3n, que nos lleva a ser solo una variable de ajuste de las grandes empresas y del proceso de financiarizaci\u00f3n. Hay que crear en la regi\u00f3n un mercado que sea lo suficientemente fuerte para sostener nuestra producci\u00f3n y tenemos que invertir mucho en investigaci\u00f3n, desarrollo y en transferencia tecnol\u00f3gica, para poder tener pa\u00edses sustentables en un mundo donde las fricciones y las tensiones econ\u00f3micas y productivas no hacen m\u00e1s que crecer.<\/span><\/p>\n<p>_______________<\/p>\n<p style=\"text-align: justify;\"><span style=\"font-size: 12pt;\">*\u00a0<em>Am\u00e9rica latida \u2013 voces de una regi\u00f3n en constante movimiento<\/em> aborda las actuales problem\u00e1ticas de Am\u00e9rica Latina. Argentina, Brasil, Colombia, Ecuador, M\u00e9xico y Venezuela son algunos de los cap\u00edtulos en que se divide el amplio trabajo.<\/span><\/p>\n<p style=\"text-align: justify;\"><span style=\"font-size: 12pt;\">El vicepresidente del Estado Plurinacional de Bolivia, \u00c1lvaro Garc\u00eda Linera; la excandidata a vicepresidenta por Colombia Humana, \u00c1ngela Robledo; el exvicepresidente y excanciller venezolano, El\u00edas Jaua; la exjefa de Gabinete del gobierno de Dilma Rousseff; la actual senadora y presidenta del Partido de los Trabajadores (PT), Gleisi Hoffmann; el excanciller argentino y actual diputado del Parlasur, Jorge Taiana; la exembajadora en el Reino Unido y en Venezuela, Alicia Castro; el dirigente pol\u00edtico y ex diputado nacional Carlos Raimundi; la expresidenta de la Asamblea Nacional de Ecuador, Gabriela Rivadeneira; el senador colombiano Iv\u00e1n Cepeda; el juez de la Corte Interamericana de Derechos Humanos y exministro de la Corte Suprema de Argentina, Eugenio Ra\u00fal Zaffaroni; el fil\u00f3sofo mexicano Fernando Buen Abad; el intelectual argentino Atilio Bor\u00f3n; la activista colombiana de derechos humanos y exsenadora colombiana, Piedad C\u00f3rdoba; el soci\u00f3logo y escritor Marco Teruggi, son algunas de las destacadas voces que aparecen en el libro que en el mes de julio ser\u00e1 publicado por Edulp.<\/span><\/p>\n<p><span style=\"font-size: 12pt;\"><strong>H\u00e9ctor Bernardo para La Pluma, 23 de julio de 2019<\/strong><\/span><\/p>\n<p><strong><span style=\"font-size: 12pt;\">Editado por <\/span><a href=\"http:\/\/www.lapluma.net\/nosotros\/editora\/\"><span style=\"font-size: 12pt;\">Mar\u00eda Piedad Ossaba<\/span><\/a><\/strong><\/p>\n<p>Publicado por <a href=\"https:\/\/www.diariocontexto.com.ar\/2019\/07\/09\/jorge-taiana-macri-trabaja-intensamente-por-la-desintegracion-regional\/\">Contexto<\/a><\/p>\n","protected":false},"excerpt":{"rendered":"<p>El excanciller argentino asegur\u00f3 que \u00ab\u00a0es necesaria una nueva oleada de gobiernos que defiendan los intereses nacionales, la producci\u00f3n y el trabajo\u00a0\u00bb.<\/p>\n","protected":false},"author":90,"featured_media":10666,"comment_status":"open","ping_status":"open","sticky":false,"template":"","format":"standard","meta":{"_uf_show_specific_survey":0,"_uf_disable_surveys":false,"footnotes":""},"categories":[217],"tags":[65,2717,1094,5916,619,5917,1379],"coauthors":[778],"class_list":["post-10664","post","type-post","status-publish","format-standard","has-post-thumbnail","hentry","category-abya-yala","tag-abya-yala","tag-celac","tag-hector-bernardo","tag-jorge-taiana","tag-mauricio-macri","tag-parlasur","tag-unasur"],"translation":{"provider":"WPGlobus","version":"2.12.2","language":"fr","enabled_languages":["es","fr"],"languages":{"es":{"title":true,"content":true,"excerpt":true},"fr":{"title":false,"content":false,"excerpt":false}}},"_links":{"self":[{"href":"https:\/\/www.lapluma.net\/fr\/wp-json\/wp\/v2\/posts\/10664","targetHints":{"allow":["GET"]}}],"collection":[{"href":"https:\/\/www.lapluma.net\/fr\/wp-json\/wp\/v2\/posts"}],"about":[{"href":"https:\/\/www.lapluma.net\/fr\/wp-json\/wp\/v2\/types\/post"}],"author":[{"embeddable":true,"href":"https:\/\/www.lapluma.net\/fr\/wp-json\/wp\/v2\/users\/90"}],"replies":[{"embeddable":true,"href":"https:\/\/www.lapluma.net\/fr\/wp-json\/wp\/v2\/comments?post=10664"}],"version-history":[{"count":2,"href":"https:\/\/www.lapluma.net\/fr\/wp-json\/wp\/v2\/posts\/10664\/revisions"}],"predecessor-version":[{"id":10668,"href":"https:\/\/www.lapluma.net\/fr\/wp-json\/wp\/v2\/posts\/10664\/revisions\/10668"}],"wp:featuredmedia":[{"embeddable":true,"href":"https:\/\/www.lapluma.net\/fr\/wp-json\/wp\/v2\/media\/10666"}],"wp:attachment":[{"href":"https:\/\/www.lapluma.net\/fr\/wp-json\/wp\/v2\/media?parent=10664"}],"wp:term":[{"taxonomy":"category","embeddable":true,"href":"https:\/\/www.lapluma.net\/fr\/wp-json\/wp\/v2\/categories?post=10664"},{"taxonomy":"post_tag","embeddable":true,"href":"https:\/\/www.lapluma.net\/fr\/wp-json\/wp\/v2\/tags?post=10664"},{"taxonomy":"author","embeddable":true,"href":"https:\/\/www.lapluma.net\/fr\/wp-json\/wp\/v2\/coauthors?post=10664"}],"curies":[{"name":"wp","href":"https:\/\/api.w.org\/{rel}","templated":true}]}}