{"id":10568,"date":"2019-07-18T02:44:20","date_gmt":"2019-07-18T02:44:20","guid":{"rendered":"http:\/\/www.lapluma.net\/?p=10568"},"modified":"2019-07-18T02:46:54","modified_gmt":"2019-07-18T02:46:54","slug":"ecuador","status":"publish","type":"post","link":"https:\/\/www.lapluma.net\/fr\/2019\/07\/18\/ecuador\/","title":{"rendered":"Ecuador: Agenda empresarial para el 2030"},"content":{"rendered":"<p style=\"text-align: justify;\"><span style=\"font-size: 12pt;\"><img loading=\"lazy\" decoding=\"async\" class=\" wp-image-1154 alignleft\" src=\"http:\/\/www.lapluma.net\/wp-content\/uploads\/2018\/10\/JuanPazYMinoBis.jpg\" alt=\"\" width=\"86\" height=\"86\" \/>El Comit\u00e9 Empresarial Ecuatoriano (CEE) ha decidido lanzar \u201cEcuador 2030\u201d (<a href=\"https:\/\/pazymino.us7.list-manage.com\/track\/click?u=c3e3bed0077c1d7adb5463ee7&amp;id=c610c6a91d&amp;e=0c39ff35d0\">http:\/\/ecuador2030.org<\/a>), un proyecto que \u201cbusca sentar las bases para lograr un pa\u00eds moderno e innovador al integrar las nuevas tecnolog\u00edas, formar a los profesionales de las futuras generaciones y trazar el camino correcto hacia un desarrollo productivo nacional\u201d. Afirma que esos avances \u201cse reflejar\u00e1n en una mejora del ingreso per c\u00e1pita, de la educaci\u00f3n, del sistema de salud, de un empleo de calidad o de la generaci\u00f3n de riqueza\u201d, ya que \u201cla finalidad del empresario es construir un pa\u00eds socialmente responsable, sostenible, y generar prosperidad y desarrollo econ\u00f3mico\u201d. Y a\u00f1ade: \u201ccon\u00a0la transparencia, la conciencia social y la libertad como principales valores, Ecuador 2030 se basa en los\u00a0Objetivos de Desarrollo Sostenible (ODS) de las Naciones Unidas<strong>\u201d<\/strong>. Su consigna se resume as\u00ed: \u201cLa meta es ingresar a trav\u00e9s de un Pensamiento Exponencial de manera competitiva en la Cuarta Revoluci\u00f3n Industrial y avanzar hacia los Objetivos de Desarrollo Sostenible (ODS)\u201d.<\/span><\/p>\n<p style=\"text-align: justify;\"><img loading=\"lazy\" decoding=\"async\" class=\"aligncenter\" src=\"https:\/\/pbs.twimg.com\/media\/D18q5NQX4AAFrF1.jpg\" width=\"690\" height=\"388\" \/><span style=\"font-size: 12pt;\">\u00a0<\/span><br \/>\n<span style=\"font-size: 12pt;\">Son 17 los ODS, que se resumen en: fin de la pobreza, hambre cero; salud y bienestar; educaci\u00f3n de calidad; igualdad de g\u00e9nero; agua limpia y saneamiento; energ\u00eda asequible y no contaminante; trabajo decente y crecimiento econ\u00f3mico; industria, innovaci\u00f3n e infraestructura; reducci\u00f3n de las desigualdades; ciudades y comunidades sostenibles; producci\u00f3n y consumo responsables; acci\u00f3n por el clima; vida submarina; vida de ecosistemas terrestres; paz, justicia e instituciones s\u00f3lidas; y, alianzas para lograr los objetivos.<\/span><br \/>\n<span style=\"font-size: 12pt;\">\u00a0<\/span><br \/>\n<span style=\"font-size: 12pt;\">Sin embargo, desde hace tiempos, los empresarios ecuatorianos persisten en una serie de propuestas: reducir el tama\u00f1o del Estado y el gasto p\u00fablico; suprimir o disminuir una serie de impuestos; flexibilizar las relaciones laborales a fin de recortar costos que afectan la competitividad; avanzar en la miner\u00eda \u201cresponsable\u201d; ampliar los acuerdos bilaterales de inversi\u00f3n, as\u00ed como los tratados de libre comercio.\u00a0<\/span><br \/>\n<span style=\"font-size: 12pt;\">\u00a0<\/span><br \/>\n<span style=\"font-size: 12pt;\">El gobierno de Len\u00edn Moreno ha trazado una ruta de pol\u00edticas econ\u00f3micas en ese mismo sentido y hasta el momento progresa en la disminuci\u00f3n de las capacidades estatales y la expulsi\u00f3n de miles de trabajadores del sector p\u00fablico; ha logrado leyes que perdonan deudas, multas, intereses y reducen impuestos; se apresta a aprobar reformas laborales planteadas por el sector empresarial, pese a que violan la Constituci\u00f3n y arrasan con derechos de los trabajadores; ampl\u00eda fronteras mineras; proyecta vincular al pa\u00eds en acuerdos aperturistas como la Alianza del Pac\u00edfico.<\/span><br \/>\n<span style=\"font-size: 12pt;\">\u00a0<\/span><br \/>\n<span style=\"font-size: 12pt;\">Adem\u00e1s, se ha suscrito un acuerdo de largo plazo con el Fondo Monetario Internacional (FMI) en el que claramente se apuntala la reducci\u00f3n del Estado y de trabajadores de la burocracia; la disminuci\u00f3n de impuestos privilegiando los indirectos sobre los directos; la \u201curgente reforma laboral\u201d; y un esquema aperturista, bajo la visi\u00f3n neoliberal, que supone beneficios sociales con un mercado libre y con la hegemon\u00eda del capital privado interno y externo en el conjunto de la econom\u00eda.\u00a0<\/span><br \/>\n<span style=\"font-size: 12pt;\">\u00a0<\/span><br \/>\n<span style=\"font-size: 12pt;\">Con todo este paquete de fuerzas coincidentes en las mismas l\u00edneas de acci\u00f3n para el futuro econ\u00f3mico del pa\u00eds, no se ve c\u00f3mo el CEE pueda sustentar el logro de los ODS. La experiencia hist\u00f3rica de Am\u00e9rica Latina durante las d\u00e9cadas finales del siglo XX e inicios del XXI, que no son tomadas en cuenta al momento de argumentar sobre la base de alg\u00fan antecedente, y que se caracterizaron por el impulso de pol\u00edticas econ\u00f3micas iguales a las que siguen plante\u00e1ndose en la actualidad, solo demostraron la acumulaci\u00f3n de graves perjuicios sociales y laborales, sobre los que se levantaron el florecimiento de los sectores privados y la maximizaci\u00f3n continua de las ganancias, lo que est\u00e1 demostrado por estad\u00edsticas y estudios internacionales. En Ecuador esa experiencia fue a\u00fan m\u00e1s grave, pues al deterioro sistem\u00e1tico de las condiciones de vida y de trabajo, junto a la acumulaci\u00f3n de riqueza, tambi\u00e9n se uni\u00f3 la crisis del Estado y la debacle institucional y pol\u00edtica, que en una d\u00e9cada (2006-2016) condujo a siete gobiernos, con tres de ellos derrocados.<\/span><br \/>\n<span style=\"font-size: 12pt;\">\u00a0<\/span><br \/>\n<span style=\"font-size: 12pt;\">Pocos d\u00edas atr\u00e1s, durante el \u201cForo Pol\u00edtico de Alto Nivel sobre el Desarrollo Sostenible 2019\u201d de las Naciones Unidad, Alicia B\u00e1rcena, Secretaria Ejecutiva de la Comisi\u00f3n Econ\u00f3mica para Am\u00e9rica Latina (CEPAL), realiz\u00f3 un balance de los avances para el cumplimiento de los ODS (<a href=\"https:\/\/pazymino.us7.list-manage.com\/track\/click?u=c3e3bed0077c1d7adb5463ee7&amp;id=16d742558e&amp;e=0c39ff35d0\">https:\/\/bit.ly\/2Lkys8u<\/a>). All\u00ed\u00a0insisti\u00f3 en que la igualdad \u201cdebe ser el motor del crecimiento, ya que la desigualdad es ineficiente desde el punto de vista econ\u00f3mico y social, y conspira contra el desarrollo sostenible\u201d; y remarc\u00f3\u00a0que \u201cla extrema concentraci\u00f3n de la riqueza y la creciente desigualdad son los principales problemas que deben ser enfrentados para lograr mayores progresos\u201d. Pero este tema ni siquiera aparece en la\u00a0agenda \u201cEcuador 2030\u201d del CEE, ni en las pol\u00edticas del gobierno de Moreno y mucho menos en la Carta de Intenci\u00f3n con el FMI.<\/span><br \/>\n<span style=\"font-size: 12pt;\">\u00a0<\/span><br \/>\n<span style=\"font-size: 12pt;\">Entre otros asuntos, B\u00e1rcena tambi\u00e9n se\u00f1al\u00f3 que\u00a0\u201cPara asegurar una distribuci\u00f3n del ingreso m\u00e1s equitativa se necesitan pol\u00edticas fiscales activas que permitan financiar la Agenda 2030 para el Desarrollo Sostenible y as\u00ed evitar que nadie quede atr\u00e1s\u201d; a\u00f1adi\u00f3 que \u201cpara ampliar el espacio fiscal se debe reducir la evasi\u00f3n tributaria y los flujos financieros il\u00edcitos producto de la manipulaci\u00f3n del comercio internacional de bienes; adoptar impuestos ambientales y de salud, as\u00ed como en la econom\u00eda digital; repensar los gastos tributarios para alinearlos con los resultados de la inversi\u00f3n; y fortalecer la tributaci\u00f3n sobre la renta y propiedad personal\u201d. Pero este tema tributario igualmente no aparece en las previsiones del CEE, del gobierno morenista, ni en la Carta con el FMI. B\u00e1rcena fue contundente:\u00a0\u201cLa cultura del privilegio debilita la confianza en las instituciones. La CEPAL estima que la evasi\u00f3n tributaria en Am\u00e9rica Latina y el Caribe llega a los US$335.000 millones, o un 6,3% del PIB. \u00a1Podr\u00edamos financiar la Agenda 2030 con ese dinero!\u201d, enfatiz\u00f3.<\/span><br \/>\n<span style=\"font-size: 12pt;\">\u00a0<\/span><br \/>\n<span style=\"font-size: 12pt;\">Evidentemente, el pensamiento cepalino no es considerado en los c\u00edrculos del poder econ\u00f3mico, pol\u00edtico e institucional del Ecuador. Tampoco las experiencias hist\u00f3ricas. Y tampoco las recientes, porque, entre los m\u00e1s grandes pa\u00edses, Argentina y Brasil siguen las m\u00e1s radicales consignas empresariales de toda la regi\u00f3n, auspiciadas por gobiernos conservadores, y los resultados de vida y de trabajo de sus poblaciones solo se han derrumbado. Pueden a\u00f1adirse las experiencias de Colombia o Per\u00fa.<\/span><br \/>\n<span style=\"font-size: 12pt;\">\u00a0<\/span><br \/>\n<span style=\"font-size: 12pt;\">De modo que en Ecuador, pese a las palabras, no se alcanzar\u00e1n los ODS si es que cualquier agenda para el 2030 no abandona los mitos del mercado libre vinculado a la empresa privada descontrolada por el Estado.<\/span><\/p>\n<p><img loading=\"lazy\" decoding=\"async\" class=\"aligncenter\" src=\"http:\/\/www.historiaypresente.com\/hyp\/wp-content\/uploads\/2019\/07\/agenda-empresarial-2030.jpg\" width=\"692\" height=\"363\" \/><\/p>\n<p style=\"text-align: justify;\"><span style=\"font-size: 12pt;\"><strong>Juan J. Paz-y-Mi\u00f1o Cepeda para La Pluma, Ecuador 15 de julio de 2019<\/strong><\/span><\/p>\n<p style=\"text-align: justify;\"><span style=\"font-size: 12pt;\"><strong>Editado por <a href=\"http:\/\/www.lapluma.net\/nosotros\/editora\/\">Mar\u00eda Piedad Ossaba<\/a><\/strong><\/span><\/p>\n<p style=\"text-align: justify;\"><span style=\"font-size: 12pt;\"><strong>Publicado por <a href=\"http:\/\/www.historiaypresente.com\/agenda-empresarial-2030\/\"><em>Historia y Presente \u2013 blog<\/em><\/a><\/strong><\/span><\/p>\n<p style=\"text-align: justify;\"><span style=\"font-size: 12pt;\"><strong>Visita la red del colectivo\u00a0<a href=\"https:\/\/rutakritica.org\">Ruta Kr\u00edtica<\/a>, el\u00a0nuevo blog de difusi\u00f3n del pensamiento y la comunicaci\u00f3n alternativos<\/strong><\/span><\/p>\n<p style=\"text-align: justify;\">\n","protected":false},"excerpt":{"rendered":"<p>De modo que en Ecuador, pese a las palabras, no se alcanzar\u00e1n los ODS si es que cualquier agenda para el 2030 no abandona los mitos del mercado libre vinculado a la empresa privada descontrolada por el Estado.<\/p>\n","protected":false},"author":8,"featured_media":10572,"comment_status":"open","ping_status":"open","sticky":false,"template":"","format":"standard","meta":{"_uf_show_specific_survey":0,"_uf_disable_surveys":false,"footnotes":""},"categories":[5],"tags":[5827,47,46],"coauthors":[257],"class_list":["post-10568","post","type-post","status-publish","format-standard","has-post-thumbnail","hentry","category-editoriales-y-opiniones","tag-cee-ecuador-2030","tag-economia","tag-ecuador"],"translation":{"provider":"WPGlobus","version":"2.12.2","language":"fr","enabled_languages":["es","fr"],"languages":{"es":{"title":true,"content":true,"excerpt":true},"fr":{"title":false,"content":false,"excerpt":false}}},"_links":{"self":[{"href":"https:\/\/www.lapluma.net\/fr\/wp-json\/wp\/v2\/posts\/10568","targetHints":{"allow":["GET"]}}],"collection":[{"href":"https:\/\/www.lapluma.net\/fr\/wp-json\/wp\/v2\/posts"}],"about":[{"href":"https:\/\/www.lapluma.net\/fr\/wp-json\/wp\/v2\/types\/post"}],"author":[{"embeddable":true,"href":"https:\/\/www.lapluma.net\/fr\/wp-json\/wp\/v2\/users\/8"}],"replies":[{"embeddable":true,"href":"https:\/\/www.lapluma.net\/fr\/wp-json\/wp\/v2\/comments?post=10568"}],"version-history":[{"count":6,"href":"https:\/\/www.lapluma.net\/fr\/wp-json\/wp\/v2\/posts\/10568\/revisions"}],"predecessor-version":[{"id":10575,"href":"https:\/\/www.lapluma.net\/fr\/wp-json\/wp\/v2\/posts\/10568\/revisions\/10575"}],"wp:featuredmedia":[{"embeddable":true,"href":"https:\/\/www.lapluma.net\/fr\/wp-json\/wp\/v2\/media\/10572"}],"wp:attachment":[{"href":"https:\/\/www.lapluma.net\/fr\/wp-json\/wp\/v2\/media?parent=10568"}],"wp:term":[{"taxonomy":"category","embeddable":true,"href":"https:\/\/www.lapluma.net\/fr\/wp-json\/wp\/v2\/categories?post=10568"},{"taxonomy":"post_tag","embeddable":true,"href":"https:\/\/www.lapluma.net\/fr\/wp-json\/wp\/v2\/tags?post=10568"},{"taxonomy":"author","embeddable":true,"href":"https:\/\/www.lapluma.net\/fr\/wp-json\/wp\/v2\/coauthors?post=10568"}],"curies":[{"name":"wp","href":"https:\/\/api.w.org\/{rel}","templated":true}]}}