{"id":10273,"date":"2019-07-04T15:38:52","date_gmt":"2019-07-04T15:38:52","guid":{"rendered":"http:\/\/www.lapluma.net\/?p=10273"},"modified":"2023-11-16T18:53:33","modified_gmt":"2023-11-16T18:53:33","slug":"jorge-falconi-la-falsa-antinomia-populismo-o-republica-encubre-la-verdadera-grieta-historica-entre-pueblo-y-oligarquia","status":"publish","type":"post","link":"https:\/\/www.lapluma.net\/fr\/2019\/07\/04\/jorge-falconi-la-falsa-antinomia-populismo-o-republica-encubre-la-verdadera-grieta-historica-entre-pueblo-y-oligarquia\/","title":{"rendered":"Jorge Falcone: La falsa antinomia \u00ab\u00a0Populismo o Rep\u00fablica\u00a0\u00bb encubre la verdadera grieta hist\u00f3rica entre pueblo y oligarqu\u00eda"},"content":{"rendered":"<p style=\"text-align: right;\"><span style=\"font-size: 12pt;\"><img loading=\"lazy\" decoding=\"async\" class=\"alignleft\" src=\"http:\/\/www.tlaxcala-int.org\/upload\/aut_6668.jpg\" width=\"195\" height=\"123\" border=\"0\" \/><\/span><span style=\"font-size: 12pt;\"><span class=\"texte1\">El drama argentino es la vigencia del proyecto de una minor\u00eda arcaica con ropajes modernos que propone una sociedad que glorifica los valores de la Argentina anterior al peronismo. Pretenden comenzar de nuevo la historia borrando de la faz de esta tierra los deseos igualitarios que han caracterizado a nuestra Patria\u201d<br \/>Marcelo Langieri,<br \/>\u201cMacri y la teor\u00eda del pato de madera\u201d<br \/><\/span><\/span><\/p>\n<p style=\"text-align: justify;\"><img loading=\"lazy\" decoding=\"async\" class=\"size-medium aligncenter\" src=\"http:\/\/tlaxcala-int.org\/upload\/gal_20592.jpg\" width=\"700\" height=\"394\" \/><span style=\"font-size: 12pt;\">Ya se ha dado \u201cla voz de \u00e1hura\u201d y &#8211; como respondiendo al Reflejo de Pavlov &#8211; buena parte de l@s argentin@s nos encolumnamos a poner en la urna el voto m\u00e1s \u00fatil en la imprescindible tarea de desalojar a l@s depredadores de la Naci\u00f3n. La taba est\u00e1 en el aire y a\u00fan nadie en su sano juicio deber\u00eda darse por vencedor. Se avecina pues una batalla expresada en lo macro como proteccionismo vs. apertura comercial: la oposici\u00f3n en mejores condiciones de competir tranquiliza a los mercados ofreciendo como propuesta a un neo nestorismo sensato y dialoguista que no pagar\u00e1 la centenaria deuda contra\u00edda con el hambre de l@s argentin@s, a lo que l@s inquilin@s de la Casa Rosada responden recuperando centralidad mediante un acuerdo con la Uni\u00f3n Europea que da la espalda al Sur Global. Las complejidades de la hora recomiendan respetar la comprensible expectativa de incontables compatriotas que aspiran a lograr una pronta aliviada ante tantas penurias, y votar al mal menor para recomponer fuerzas y alianzas redoblando la innegociable apuesta de seguir avanzando en el camino de una Segunda Independencia.<\/span><\/p>\n<p>\u00a0<\/p>\n<p style=\"text-align: justify;\"><span style=\"font-size: 12pt;\"><strong>\u00bfEl futuro ya lleg\u00f3?<\/strong><\/span><\/p>\n<p style=\"text-align: justify;\"><span style=\"font-size: 12pt;\">Cin\u00e9filo afecto al g\u00e9nero fant\u00e1stico, desde la <em>Metr\u00f3polis<\/em> de Fritz Lang al <em>Blade Runner<\/em> de Ridley Scott, este cronista siempre pens\u00f3 que aquellas futur\u00f3polis de cemento y ne\u00f3n superpobladas, socialmente estratificadas y multi\u00e9tnicas, tempranamente profetizadas por el S\u00e9ptimo Arte, encarnaban la materializaci\u00f3n de la m\u00e1s feroz utop\u00eda capitalista. Sin ir m\u00e1s lejos, momentos antes de escribir estas l\u00edneas, en Avenida Libertador al 800, su autor pas\u00f3 ante un menesteroso de unos cuarenta a\u00f1os sentado bajo la vidriera de una casa de loter\u00eda y guarecido del temporal en curso dentro de una gran bolsa de nylon de las que acostumbran a utilizarse para contener arena o pedregullo. Hasta la denuncia de alg\u00fan\/a comerciante inc\u00f3mod@, esa ser\u00eda su morada. Estamos naturalizando peligrosamente ese paisaje humano que nuestra imaginaci\u00f3n juvenil atribu\u00eda mayormente a las inmediaciones del R\u00edo Ganges en la India. \u00bfNo constituir\u00e1 esa p\u00e9rdida gradual de perplejidad ante el modelo de exclusi\u00f3n social la t\u00e1cita aceptaci\u00f3n de la Ley del M\u00e1s Fuerte y la irreversibilidad de sus consecuencias, un contingente cada vez mayor de semejantes condenados al sacrificio?<\/span><\/p>\n<p style=\"text-align: justify;\"><span style=\"font-size: 12pt;\">El reciente apag\u00f3n regional que afect\u00f3 aproximadamente a 50.000.000 de usuarios durante el fin de semana en que se celebrara el D\u00eda del Padre &#8211; y sobre el que las autoridades, como en el caso de las escuchas ilegales o el Ara San Juan, no tienen nada para decir &#8211; no s\u00f3lo no contribuye a aventar nuestras dudas, sino que agrega algunas m\u00e1s. Como, por ejemplo, interrogarnos si la anomia con que parecer\u00eda afrontar este tipo de eventos la sociedad argentina sigue correspondiendo al escarmiento perpetrado por la minuciosa ingenier\u00eda represiva de los genocidas o se debe en cambio a un nuevo estado de resignaci\u00f3n generado merced a la convicci\u00f3n acerca de que hace bastante que la pol\u00edtica ha dejado de responder al bien com\u00fan\u2026 \u00bfDormir\u00e1n pues las rebeliones de otrora el Sue\u00f1o de los Justos y, en consecuencia, para el seguro colapso de esta democracia de cart\u00f3n habr\u00e1 que aguardar hasta constatar que el candidato m\u00e1s votado comienza a ser el votoblanquismo-abstencionismo?<\/span><\/p>\n<p><img loading=\"lazy\" decoding=\"async\" class=\"size-medium aligncenter\" src=\"https:\/\/1.bp.blogspot.com\/-vSI491T1e7M\/XRyW1A4YfGI\/AAAAAAAEZcs\/8Ro4L_c93l8cydec0e3zNmMAz_w3cY1NgCLcBGAs\/s640\/PUEBLOYOLIGARQUIA.png\" width=\"400\" height=\"341\" \/><\/p>\n<p style=\"text-align: justify;\"><span style=\"font-size: 12pt;\">Zozobra del socialismo real y globalizaci\u00f3n mediante, deambular hoy por el microcentro porte\u00f1o esquivando projimidades privadas de alimento y cobijo recuerda bastante a los escenarios urbanos que durante mucho tiempo atribuimos exclusivamente a la imaginaci\u00f3n febril de torturados cultores de la ficci\u00f3n cient\u00edfica. <strong>Phillip K. Dick<\/strong> fue uno de ellos. Tal vez el m\u00e1s agudo y visionario. Adem\u00e1s de treinta y seis novelas, escribi\u00f3 121 relatos cortos. Aclamado en vida por contempor\u00e1neos como\u00a0Robert A. Heinlein\u00a0o\u00a0Stanis\u0142aw Lem, pas\u00f3 la mayor parte de su carrera como escritor casi en la pobreza\u200b y obteniendo escaso reconocimiento. Tras su muerte, sin embargo, la adaptaci\u00f3n al cine de varias de sus novelas &#8211; entre ellas la elegida por el citado Scott, <em>\u00bfSue\u00f1an los androides con ovejas el\u00e9ctricas?<\/em> &#8211; lo dio a conocer al gran p\u00fablico. Su obra es hoy una de las m\u00e1s populares de la ciencia ficci\u00f3n y Dick se ha ganado el respeto de sus lectores y el de la cr\u00edtica.<\/span><\/p>\n<p style=\"text-align: justify;\"><span style=\"font-size: 12pt;\">Aunque seguiremos confrontando con el antagonista de proyecto hist\u00f3rico hasta nuestro \u00faltimo aliento, mal podemos ignorar que fundamentalmente las grandes capitales del Norte Global ya ofrecen la fisonom\u00eda de sus peores pesadillas.<\/span><\/p>\n<p><img loading=\"lazy\" decoding=\"async\" class=\"size-medium aligncenter\" src=\"http:\/\/tlaxcala-int.org\/upload\/gal_20593.jpg\" width=\"650\" height=\"248\" \/><\/p>\n<p style=\"text-align: justify;\"><span style=\"font-size: 12pt;\"><strong>El panorama pol\u00edtico de un pa\u00eds que los centros de poder procuran doblegar<\/strong><\/span><\/p>\n<p style=\"text-align: justify;\"><span style=\"font-size: 12pt;\">Como ocurre cada dos o cuatro a\u00f1os, pero con entusiasmo decreciente, en Argentina vuelve a imponerse el calendario electoral, sorprendiendo a l@s futur@s votantes con inesperadas ofertas y previsibles traiciones.<\/span><\/p>\n<p style=\"text-align: justify;\"><span style=\"font-size: 12pt;\">Las coaliciones en danza, en gran medida constituidas &#8211; como en El Juego de la Silla &#8211; por el elenco estable rotativo de la pol\u00edtica, exhiben el repetido y cada vez m\u00e1s deprimente coqueteo de candidatos que aspiran hasta \u00faltimo momento a ostentar el puesto m\u00e1s expectable en las listas\u2026 dejando siempre lo que sobre para algunos actores que, en todo su derecho, aspiran a ser el tintero que cambie de color al oc\u00e9ano de la democracia formal.<\/span><\/p>\n<p style=\"text-align: justify;\"><span style=\"font-size: 12pt;\">Afiebrad@s operadores\/as medi\u00e1tic@s foguead@s en el oficio en boga de reproducir <em>fake news<\/em> y jovencit@s que venden el alma al diablo por un menguado ingreso a cambio de inundar las redes de <em>trolls<\/em>, proponen a una ab\u00falica opini\u00f3n p\u00fablica que la f\u00f3rmula oficialista oper\u00f3 milagros en los mercados ofreciendo al poder la imagen de un futuro previsible.<\/span><\/p>\n<p style=\"text-align: justify;\"><span style=\"font-size: 12pt;\">Sobre un rinc\u00f3n del ring vuelve a recostarse el reavivado odio antiperonista, y sobre el otro el eco distorsionado de aquella Nueva Argentina en la que \u201clos \u00fanicos privilegiados\u201d habr\u00edan de ser los ni\u00f1os: Nada nuevo bajo el sol. Salvo que la disyuntiva que l@s candidat@s proponen dirimir mediante el voto es a todas luces una estafa, que encubre el verdadero antagonismo bicentenario entre los bloques sociales en pugna por hacer un pa\u00eds soberano y capaz de integrar al 95% de la poblaci\u00f3n con la sola exclusi\u00f3n del 5% de los grupos econ\u00f3micos de una oligarqu\u00eda ap\u00e1trida, u otro que &#8211; gerenciado desde los centros del poder mundial &#8211; contenga a un tercio de nuestra poblaci\u00f3n y establezca sus fronteras nacionales en torno a la Avenida General Paz.<\/span><\/p>\n<p style=\"text-align: justify;\"><span style=\"font-size: 12pt;\">Lo cierto es que los 36 a\u00f1os de esta democracia de la derrota gravitan en sumo grado sobre una sociedad aparentemente incapaz de discernir que las coaliciones con mayores posibilidades de hacerse con el pr\u00f3ximo turno de gobierno distan de representar a la barbarie y a la civilizaci\u00f3n.<\/span><\/p>\n<p style=\"text-align: justify;\"><span style=\"font-size: 12pt;\">En todo caso, si alguna victoria ostensible cabe atribu\u00edrsele al gobierno de Cambiemos &#8211; en medio de tanta depredaci\u00f3n y desatino -, es la de haber instalado en una amplia franja de las clases medias (y medias bajas) la noci\u00f3n de que \u201calgun@s nacen con la estrella y otr@s nacen estrellad@s\u201d ya que la torta no alcanza para tod@s, y un sentido com\u00fan xen\u00f3fobo que ve al inmigrante del pa\u00eds lim\u00edtrofe como el verdadero enemigo de sus posibilidades laborales.<\/span><\/p>\n<p style=\"text-align: justify;\"><span style=\"font-size: 12pt;\">El poeta andaluz <strong>Antonio Machado<\/strong> plasm\u00f3 con meridiana claridad una circunstancia semejante, cuando al cabo de la Guerra Civil Espa\u00f1ola escribi\u00f3:\u00a0<\/span><\/p>\n<p style=\"padding-left: 30px; text-align: justify;\"><span style=\"font-size: 12pt;\"> \u201cFue un tiempo de mentira, de infamia.<\/span><br \/><span style=\"font-size: 12pt;\">A Espa\u00f1a toda, la malherida Espa\u00f1a, de Carnaval vestida<\/span><br \/><span style=\"font-size: 12pt;\">nos la pusieron, pobre y escu\u00e1lida y beoda, <\/span><br \/><span style=\"font-size: 12pt;\">para que no acertara la mano con la herida\u201d.<\/span><\/p>\n<p style=\"text-align: justify;\"><span style=\"font-size: 12pt;\">Pero, en la amplia base del iceberg a cuyo v\u00e9rtice el pensamiento hegem\u00f3nico circunscribe el alcance de la pol\u00edtica, sin prisa ni pausa se viene reorganizando un pueblo que abjura de sus \u201cviejos dioses\u201d y acumula cientos de micro victorias cotidianas, gotas que &#8211; m\u00e1s temprano que tarde \u2013 seguramente han de confluir dando forma al aguacero redentor de la Justicia Social.<br \/><\/span><\/p>\n<p><img loading=\"lazy\" decoding=\"async\" class=\"size-medium aligncenter\" src=\"http:\/\/tlaxcala-int.org\/upload\/gal_20594.jpg\" width=\"640\" height=\"640\" \/><\/p>\n<p style=\"text-align: justify;\"><span style=\"font-size: 12pt;\"><strong>Jorge Falcone<br \/><\/strong><\/span><\/p>\n<p><strong><span style=\"font-size: 12pt;\">Editado por <a href=\"http:\/\/www.tlaxcala-int.org\/biographie.asp?ref_aut=2&amp;lg_pp=es\"><span class=\"auteur\">Fausto Giudice \u0424\u0430\u0443\u0441\u0442\u043e \u0414\u0436\u0443\u0434\u0438\u0447\u0435 \u0641\u0627\u0648\u0633\u062a\u0648 \u062c\u064a\u0648\u062f\u064a\u0634\u064a<\/span><\/a><\/span><\/strong><\/p>\n<p><strong><span style=\"font-size: 12pt;\">Fuente <a href=\"https:\/\/chiquifalcone.blogspot.com\/\">La Gomera de David<\/a><\/span><\/strong><\/p>\n\n","protected":false},"excerpt":{"rendered":"<p>Pero, en la amplia base del iceberg a cuyo v\u00e9rtice el pensamiento hegem\u00f3nico circunscribe el alcance de la pol\u00edtica, sin prisa ni pausa se viene reorganizando un pueblo que abjura de sus \u201cviejos dioses\u201d y acumula cientos de micro victorias cotidianas &#8230;<\/p>\n","protected":false},"author":551,"featured_media":10280,"comment_status":"open","ping_status":"open","sticky":false,"template":"","format":"standard","meta":{"_uf_show_specific_survey":0,"_uf_disable_surveys":false,"footnotes":""},"categories":[217],"tags":[3457,5656,5659],"coauthors":[7901],"class_list":["post-10273","post","type-post","status-publish","format-standard","has-post-thumbnail","hentry","category-abya-yala","tag-argentia","tag-democracia-de-carton","tag-oligarquia"],"translation":{"provider":"WPGlobus","version":"2.12.2","language":"fr","enabled_languages":["es","fr"],"languages":{"es":{"title":true,"content":true,"excerpt":true},"fr":{"title":false,"content":false,"excerpt":false}}},"_links":{"self":[{"href":"https:\/\/www.lapluma.net\/fr\/wp-json\/wp\/v2\/posts\/10273","targetHints":{"allow":["GET"]}}],"collection":[{"href":"https:\/\/www.lapluma.net\/fr\/wp-json\/wp\/v2\/posts"}],"about":[{"href":"https:\/\/www.lapluma.net\/fr\/wp-json\/wp\/v2\/types\/post"}],"author":[{"embeddable":true,"href":"https:\/\/www.lapluma.net\/fr\/wp-json\/wp\/v2\/users\/551"}],"replies":[{"embeddable":true,"href":"https:\/\/www.lapluma.net\/fr\/wp-json\/wp\/v2\/comments?post=10273"}],"version-history":[{"count":6,"href":"https:\/\/www.lapluma.net\/fr\/wp-json\/wp\/v2\/posts\/10273\/revisions"}],"predecessor-version":[{"id":59415,"href":"https:\/\/www.lapluma.net\/fr\/wp-json\/wp\/v2\/posts\/10273\/revisions\/59415"}],"wp:featuredmedia":[{"embeddable":true,"href":"https:\/\/www.lapluma.net\/fr\/wp-json\/wp\/v2\/media\/10280"}],"wp:attachment":[{"href":"https:\/\/www.lapluma.net\/fr\/wp-json\/wp\/v2\/media?parent=10273"}],"wp:term":[{"taxonomy":"category","embeddable":true,"href":"https:\/\/www.lapluma.net\/fr\/wp-json\/wp\/v2\/categories?post=10273"},{"taxonomy":"post_tag","embeddable":true,"href":"https:\/\/www.lapluma.net\/fr\/wp-json\/wp\/v2\/tags?post=10273"},{"taxonomy":"author","embeddable":true,"href":"https:\/\/www.lapluma.net\/fr\/wp-json\/wp\/v2\/coauthors?post=10273"}],"curies":[{"name":"wp","href":"https:\/\/api.w.org\/{rel}","templated":true}]}}